{"id":204833,"date":"2025-12-28T10:46:06","date_gmt":"2025-12-28T16:46:06","guid":{"rendered":"https:\/\/nvnoticias.mx\/?p=204833"},"modified":"2025-12-28T10:46:10","modified_gmt":"2025-12-28T16:46:10","slug":"servicio-electrico-fue-eficiente-el-24-y-25-de-diciembre-cfe","status":"publish","type":"post","link":"https:\/\/nvnoticias.mx\/index.php\/2025\/12\/28\/servicio-electrico-fue-eficiente-el-24-y-25-de-diciembre-cfe\/","title":{"rendered":"Servicio el\u00e9ctrico fue eficiente el 24 y 25 de diciembre: CFE"},"content":{"rendered":"\n<p>El servicio p\u00fablico de energ\u00eda mantuvo una operaci\u00f3n eficiente durante las festividades de Nochebuena y Navidad, a pesar de algunas fallas que fueron atendidas, inform\u00f3 este s\u00e1bado la Comisi\u00f3n Federal de Electricidad (CFE).&nbsp;<\/p>\n\n\n\n<p>La empresa indic\u00f3 que durante las celebraciones se registraron fallas ocasionadas por fen\u00f3menos meteorol\u00f3gicos y otros factores externos. No obstante, indic\u00f3 que se resolvieron de manera inmediata.<\/p>\n\n\n\n<p>Detall\u00f3 que en total, se atendieron 17 incidencias en el Sistema El\u00e9ctrico Nacional, identificadas mediante los sistemas de monitoreo.<\/p>\n\n\n\n<p>Anot\u00f3 que debido al frente fr\u00edo n\u00famero 23, el suministro el\u00e9ctrico de 182 mil 252 usuarios en el estado de Baja California fue afectado. Anot\u00f3 que el restablecimiento total se logr\u00f3 en 21 horas 30 minutos el 25 de diciembre.&nbsp;<\/p>\n\n\n\n<p>Adem\u00e1s, el 24 de diciembre se recibieron 102 mil 336 llamadas de reporte y hasta la tarde del 25 de diciembre, se registraron 36 mil 172 llamadas.<\/p>\n\n\n\n<p>La CFE se\u00f1al\u00f3 que las operaciones y el mantenimiento en 58 unidades no reportaron anomal\u00edas los d\u00edas 24 y 25. Tambi\u00e9n siguen las actividades de los proyectos de corto plazo y prioritarios.<\/p>\n\n\n\n<p>Fuente: La <a href=\"https:\/\/www.jornada.com.mx\/noticia\/2025\/12\/27\/economia\/servicio-electrico-fue-eficiente-el-24-y-25-de-diciembre-cfe\">Jornada<\/a> <\/p>\n","protected":false},"excerpt":{"rendered":"<p>El servicio p\u00fablico de energ\u00eda mantuvo una operaci\u00f3n eficiente durante las festividades de Nochebuena y Navidad, a pesar de algunas fallas que fueron atendidas, inform\u00f3 este s\u00e1bado la Comisi\u00f3n Federal de Electricidad (CFE).&nbsp; La empresa indic\u00f3 que durante las celebraciones se registraron fallas ocasionadas por fen\u00f3menos meteorol\u00f3gicos y otros factores externos. No obstante, indic\u00f3 que [&hellip;]<\/p>\n","protected":false},"author":35,"featured_media":204834,"comment_status":"open","ping_status":"open","sticky":false,"template":"","format":"standard","meta":{"_monsterinsights_skip_tracking":false,"_monsterinsights_sitenote_active":false,"_monsterinsights_sitenote_note":"","_monsterinsights_sitenote_category":0,"footnotes":""},"categories":[157],"tags":[821],"class_list":["post-204833","post","type-post","status-publish","format-standard","has-post-thumbnail","hentry","category-nacional","tag-cfe","wp-image-borders"],"amp_enabled":true,"_links":{"self":[{"href":"https:\/\/nvnoticias.mx\/index.php\/wp-json\/wp\/v2\/posts\/204833","targetHints":{"allow":["GET"]}}],"collection":[{"href":"https:\/\/nvnoticias.mx\/index.php\/wp-json\/wp\/v2\/posts"}],"about":[{"href":"https:\/\/nvnoticias.mx\/index.php\/wp-json\/wp\/v2\/types\/post"}],"author":[{"embeddable":true,"href":"https:\/\/nvnoticias.mx\/index.php\/wp-json\/wp\/v2\/users\/35"}],"replies":[{"embeddable":true,"href":"https:\/\/nvnoticias.mx\/index.php\/wp-json\/wp\/v2\/comments?post=204833"}],"version-history":[{"count":4,"href":"https:\/\/nvnoticias.mx\/index.php\/wp-json\/wp\/v2\/posts\/204833\/revisions"}],"predecessor-version":[{"id":204838,"href":"https:\/\/nvnoticias.mx\/index.php\/wp-json\/wp\/v2\/posts\/204833\/revisions\/204838"}],"wp:featuredmedia":[{"embeddable":true,"href":"https:\/\/nvnoticias.mx\/index.php\/wp-json\/wp\/v2\/media\/204834"}],"wp:attachment":[{"href":"https:\/\/nvnoticias.mx\/index.php\/wp-json\/wp\/v2\/media?parent=204833"}],"wp:term":[{"taxonomy":"category","embeddable":true,"href":"https:\/\/nvnoticias.mx\/index.php\/wp-json\/wp\/v2\/categories?post=204833"},{"taxonomy":"post_tag","embeddable":true,"href":"https:\/\/nvnoticias.mx\/index.php\/wp-json\/wp\/v2\/tags?post=204833"}],"curies":[{"name":"wp","href":"https:\/\/api.w.org\/{rel}","templated":true}]}}