{"id":204772,"date":"2025-12-27T17:10:27","date_gmt":"2025-12-27T23:10:27","guid":{"rendered":"https:\/\/nvnoticias.mx\/?p=204772"},"modified":"2025-12-27T17:10:32","modified_gmt":"2025-12-27T23:10:32","slug":"ramirez-arana-y-carolina-gudino-van-por-la-dirigencia-estatal-del-pri-en-veracruz","status":"publish","type":"post","link":"https:\/\/nvnoticias.mx\/index.php\/2025\/12\/27\/ramirez-arana-y-carolina-gudino-van-por-la-dirigencia-estatal-del-pri-en-veracruz\/","title":{"rendered":"Ram\u00edrez Arana y Carolina Gudi\u00f1o van por la dirigencia estatal del PRI en Veracruz"},"content":{"rendered":"\n<p><\/p>\n\n\n\n<p>Este s\u00e1bado el Partido Revolucionario Institucional (PRI) en Veracruz llev\u00f3 a cabo la jornada de registros para el proceso interno ordinario de elecci\u00f3n de su dirigencia estatal en su sede de la ciudad de Xalapa.<\/p>\n\n\n\n<p>Para tomar las riendas del tricolor,\u00a0en el periodo estatutario 2025-2029, se registr\u00f3 la f\u00f3rmula integrada por Adolfo Ram\u00edrez Arana para la Presidencia y Carolina Gudi\u00f1o Corro para la Secretar\u00eda General.<\/p>\n\n\n\n<p>Cabe recordar que la convocatoria para la renovaci\u00f3n de la dirigencia se public\u00f3 el pasado 16 de diciembre en estrados electr\u00f3nicos y f\u00edsicos, estableciendo este s\u00e1bado 27 de diciembre como la fecha para el registro de aspirantes.\u00a0<\/p>\n\n\n\n<p>El Revolucionario Institucional asegura que se trata de la \u00fanica f\u00f3rmula interesada en encabezar el Comit\u00e9 Directivo Estatal (CDE).<\/p>\n\n\n\n<p>Luego de cumplir con el protocolo y formalizar su inscripci\u00f3n, Adolfo Ram\u00edrez y Carolina Gudi\u00f1o destacaron el orgullo de su militancia y se comprometieron a realizar un trabajo intensivo de territorio para reforzar la presencia pri\u00edsta en las calles.<\/p>\n\n\n\n<p>Estuvieron acompa\u00f1ados de decenas de militantes y simpatizantes, la mayor\u00eda de ellos vestidos de rojo, portando pancartas y cartulinas alusivas a ambos personajes.<\/p>\n","protected":false},"excerpt":{"rendered":"<p>Este s\u00e1bado el Partido Revolucionario Institucional (PRI) en Veracruz llev\u00f3 a cabo la jornada de registros para el proceso interno ordinario de elecci\u00f3n de su dirigencia estatal en su sede de la ciudad de Xalapa. Para tomar las riendas del tricolor,\u00a0en el periodo estatutario 2025-2029, se registr\u00f3 la f\u00f3rmula integrada por Adolfo Ram\u00edrez Arana para [&hellip;]<\/p>\n","protected":false},"author":8,"featured_media":204773,"comment_status":"open","ping_status":"open","sticky":false,"template":"","format":"standard","meta":{"_monsterinsights_skip_tracking":false,"_monsterinsights_sitenote_active":false,"_monsterinsights_sitenote_note":"","_monsterinsights_sitenote_category":0,"footnotes":""},"categories":[156],"tags":[3225,6945,162,208,32844,180],"class_list":["post-204772","post","type-post","status-publish","format-standard","has-post-thumbnail","hentry","category-estado","tag-carolina-gudino","tag-dirigencia-estatal","tag-portada","tag-pri","tag-ramirez-arana","tag-veracruz","wp-image-borders"],"amp_enabled":true,"_links":{"self":[{"href":"https:\/\/nvnoticias.mx\/index.php\/wp-json\/wp\/v2\/posts\/204772","targetHints":{"allow":["GET"]}}],"collection":[{"href":"https:\/\/nvnoticias.mx\/index.php\/wp-json\/wp\/v2\/posts"}],"about":[{"href":"https:\/\/nvnoticias.mx\/index.php\/wp-json\/wp\/v2\/types\/post"}],"author":[{"embeddable":true,"href":"https:\/\/nvnoticias.mx\/index.php\/wp-json\/wp\/v2\/users\/8"}],"replies":[{"embeddable":true,"href":"https:\/\/nvnoticias.mx\/index.php\/wp-json\/wp\/v2\/comments?post=204772"}],"version-history":[{"count":1,"href":"https:\/\/nvnoticias.mx\/index.php\/wp-json\/wp\/v2\/posts\/204772\/revisions"}],"predecessor-version":[{"id":204774,"href":"https:\/\/nvnoticias.mx\/index.php\/wp-json\/wp\/v2\/posts\/204772\/revisions\/204774"}],"wp:featuredmedia":[{"embeddable":true,"href":"https:\/\/nvnoticias.mx\/index.php\/wp-json\/wp\/v2\/media\/204773"}],"wp:attachment":[{"href":"https:\/\/nvnoticias.mx\/index.php\/wp-json\/wp\/v2\/media?parent=204772"}],"wp:term":[{"taxonomy":"category","embeddable":true,"href":"https:\/\/nvnoticias.mx\/index.php\/wp-json\/wp\/v2\/categories?post=204772"},{"taxonomy":"post_tag","embeddable":true,"href":"https:\/\/nvnoticias.mx\/index.php\/wp-json\/wp\/v2\/tags?post=204772"}],"curies":[{"name":"wp","href":"https:\/\/api.w.org\/{rel}","templated":true}]}}