{"id":20477,"date":"2021-08-07T13:32:22","date_gmt":"2021-08-07T18:32:22","guid":{"rendered":"https:\/\/nvnoticias.mx\/?p=20477"},"modified":"2021-08-07T13:32:24","modified_gmt":"2021-08-07T18:32:24","slug":"en-un-hecho-que-vacunacion-redujo-80-muertes-por-covid-amlo","status":"publish","type":"post","link":"https:\/\/nvnoticias.mx\/index.php\/2021\/08\/07\/en-un-hecho-que-vacunacion-redujo-80-muertes-por-covid-amlo\/","title":{"rendered":"En un hecho que vacunaci\u00f3n redujo 80% muertes por covid: AMLO"},"content":{"rendered":"\n<p>El presidente\u00a0Andr\u00e9s Manuel L\u00f3pez Obrador\u00a0asegur\u00f3 que la reducci\u00f3n del 80% en los fallecimientos por\u00a0Covid-19\u00a0ya es una realidad, gracias al plan nacional de vacunaci\u00f3n.\u00a0<\/p>\n\n\n\n<blockquote class=\"wp-block-quote is-layout-flow wp-block-quote-is-layout-flow\"><p>\u201cSiempre dijimos: vamos a darle prioridad a los adultos mayores, porque son los m\u00e1s vulnerables, porque si los vacunamos, repet\u00eda y repet\u00eda, vamos a reducir el fallecimiento por Covid hasta el 80%, pues eso ya es un hecho, es una realidad. Entonces tenemos que seguir vacunando\u201d, expres\u00f3 L\u00f3pez Obrador al encabezar una supervisi\u00f3n de las gradas del Bienestar, en la Unidad Deportiva Morelos.<\/p><\/blockquote>\n\n\n\n<p>Asimismo, el Presidente reiter\u00f3 su llamado a las personas que no se han vacunado para que no lo piensen m\u00e1s, porque el biol\u00f3gico contra el nuevo coronavirus ayuda mucho y protege.&nbsp;&nbsp;<\/p>\n\n\n\n<p>Acompa\u00f1ado por el gobernador priista\u00a0Ignacio Peralta; por la gobernadora electa por Morena,\u00a0Indira Vizca\u00edno; y por su Gabinete de Bienestar, L\u00f3pez Obrador indic\u00f3 que seguir\u00e1n apoyando a Colima, que se encuentra en sem\u00e1foro epidemiol\u00f3gico rojo, para enfrentar la pandemia.<\/p>\n\n\n\n<blockquote class=\"wp-block-quote is-layout-flow wp-block-quote-is-layout-flow\"><p>\u201cAhora Colima est\u00e1 afectada por la pandemia, por la tercera ola, es de los estados con m\u00e1s contagio, pero vamos a continuar apoyando que no falten las camas, para que no falte la atenci\u00f3n m\u00e9dica, sobre todo los medicamentos, y la mejor manera de enfrentar la pandemia, y est\u00e1 demostrado as\u00ed, es vacun\u00e1ndonos\u201d, se\u00f1al\u00f3.<\/p><\/blockquote>\n\n\n\n<p>Refiri\u00f3 que hay m\u00e1s contagios y en algunos estados hay bastante hospitalizaci\u00f3n, pero afortunadamente menos fallecidos y esto se debe a que ya est\u00e1n vacunados todos los adultos mayores.<\/p>\n\n\n\n<p>Fuente: El Universal<\/p>\n","protected":false},"excerpt":{"rendered":"<p>El presidente\u00a0Andr\u00e9s Manuel L\u00f3pez Obrador\u00a0asegur\u00f3 que la reducci\u00f3n del 80% en los fallecimientos por\u00a0Covid-19\u00a0ya es una realidad, gracias al plan nacional de vacunaci\u00f3n.\u00a0 \u201cSiempre dijimos: vamos a darle prioridad a los adultos mayores, porque son los m\u00e1s vulnerables, porque si los vacunamos, repet\u00eda y repet\u00eda, vamos a reducir el fallecimiento por Covid hasta el 80%, [&hellip;]<\/p>\n","protected":false},"author":6,"featured_media":20478,"comment_status":"open","ping_status":"open","sticky":false,"template":"","format":"standard","meta":{"_monsterinsights_skip_tracking":false,"_monsterinsights_sitenote_active":false,"_monsterinsights_sitenote_note":"","_monsterinsights_sitenote_category":0,"footnotes":""},"categories":[157],"tags":[188,175,488,162],"class_list":["post-20477","post","type-post","status-publish","format-standard","has-post-thumbnail","hentry","category-nacional","tag-amlo","tag-covid-19","tag-muertes","tag-portada","wp-image-borders"],"amp_enabled":true,"_links":{"self":[{"href":"https:\/\/nvnoticias.mx\/index.php\/wp-json\/wp\/v2\/posts\/20477","targetHints":{"allow":["GET"]}}],"collection":[{"href":"https:\/\/nvnoticias.mx\/index.php\/wp-json\/wp\/v2\/posts"}],"about":[{"href":"https:\/\/nvnoticias.mx\/index.php\/wp-json\/wp\/v2\/types\/post"}],"author":[{"embeddable":true,"href":"https:\/\/nvnoticias.mx\/index.php\/wp-json\/wp\/v2\/users\/6"}],"replies":[{"embeddable":true,"href":"https:\/\/nvnoticias.mx\/index.php\/wp-json\/wp\/v2\/comments?post=20477"}],"version-history":[{"count":1,"href":"https:\/\/nvnoticias.mx\/index.php\/wp-json\/wp\/v2\/posts\/20477\/revisions"}],"predecessor-version":[{"id":20479,"href":"https:\/\/nvnoticias.mx\/index.php\/wp-json\/wp\/v2\/posts\/20477\/revisions\/20479"}],"wp:featuredmedia":[{"embeddable":true,"href":"https:\/\/nvnoticias.mx\/index.php\/wp-json\/wp\/v2\/media\/20478"}],"wp:attachment":[{"href":"https:\/\/nvnoticias.mx\/index.php\/wp-json\/wp\/v2\/media?parent=20477"}],"wp:term":[{"taxonomy":"category","embeddable":true,"href":"https:\/\/nvnoticias.mx\/index.php\/wp-json\/wp\/v2\/categories?post=20477"},{"taxonomy":"post_tag","embeddable":true,"href":"https:\/\/nvnoticias.mx\/index.php\/wp-json\/wp\/v2\/tags?post=20477"}],"curies":[{"name":"wp","href":"https:\/\/api.w.org\/{rel}","templated":true}]}}