{"id":204751,"date":"2025-12-27T13:43:09","date_gmt":"2025-12-27T19:43:09","guid":{"rendered":"https:\/\/nvnoticias.mx\/?p=204751"},"modified":"2025-12-27T13:43:13","modified_gmt":"2025-12-27T19:43:13","slug":"muertes-por-monoxido-colocan-a-veracruz-en-alerta-invernal","status":"publish","type":"post","link":"https:\/\/nvnoticias.mx\/index.php\/2025\/12\/27\/muertes-por-monoxido-colocan-a-veracruz-en-alerta-invernal\/","title":{"rendered":"Muertes por mon\u00f3xido colocan a Veracruz en alerta invernal"},"content":{"rendered":"\n<p><\/p>\n\n\n\n<p><strong>Sam Ojeda \/ NV Noticias<\/strong><\/p>\n\n\n\n<p>Xalapa.- Veracruz&nbsp; registra fallecimientos por intoxicaci\u00f3n por mon\u00f3xido de carbono durante la presente temporada de fr\u00edo y se posiciona como una de las dos \u00fanicas entidades del pa\u00eds con decesos confirmados por esta causa, de acuerdo con el Informe de Da\u00f1os a la Salud por Temperaturas Naturales Extremas de la Direcci\u00f3n General de Epidemiolog\u00eda.<\/p>\n\n\n\n<p>El reporte se\u00f1ala que en territorio veracruzano se han documentado cuatro casos de intoxicaci\u00f3n por mon\u00f3xido de carbono, lo que coloca al estado en el segundo lugar nacional en n\u00famero de personas afectadas por este tipo de eventos durante el invierno.<\/p>\n\n\n\n<p>De esos casos, al menos dos derivaron en defunciones, una cifra que evidencia la gravedad del riesgo asociado al uso de combustibles y fuentes de calor en espacios cerrados durante la temporada invernal.<\/p>\n\n\n\n<p>A nivel nacional, solo Chiapas presenta un escenario similar al de Veracruz, con dos fallecimientos reportados por intoxicaci\u00f3n, por lo que ambas entidades concentran la totalidad de las muertes registradas en el pa\u00eds por esta causa en el actual periodo de fr\u00edo.<\/p>\n\n\n\n<p>En cuanto a la distribuci\u00f3n de los casos, Sonora encabeza la lista nacional con cinco intoxicaciones, seguido por Veracruz con cuatro.<\/p>\n\n\n\n<p>Chiapas reporta dos casos, mientras que Chihuahua y Quer\u00e9taro notificaron un caso cada uno.<\/p>\n\n\n\n<p>El informe epidemiol\u00f3gico precisa que, durante la temporada invernal en curso, se han contabilizado 14 casos de da\u00f1os a la salud asociados a temperaturas naturales extremas en todo el pa\u00eds.<\/p>\n","protected":false},"excerpt":{"rendered":"<p>Sam Ojeda \/ NV Noticias Xalapa.- Veracruz&nbsp; registra fallecimientos por intoxicaci\u00f3n por mon\u00f3xido de carbono durante la presente temporada de fr\u00edo y se posiciona como una de las dos \u00fanicas entidades del pa\u00eds con decesos confirmados por esta causa, de acuerdo con el Informe de Da\u00f1os a la Salud por Temperaturas Naturales Extremas de la [&hellip;]<\/p>\n","protected":false},"author":8,"featured_media":204752,"comment_status":"open","ping_status":"open","sticky":false,"template":"","format":"standard","meta":{"_monsterinsights_skip_tracking":false,"_monsterinsights_sitenote_active":false,"_monsterinsights_sitenote_note":"","_monsterinsights_sitenote_category":0,"footnotes":""},"categories":[156],"tags":[32841,180],"class_list":["post-204751","post","type-post","status-publish","format-standard","has-post-thumbnail","hentry","category-estado","tag-monoxido-de-carbono","tag-veracruz","wp-image-borders"],"amp_enabled":true,"_links":{"self":[{"href":"https:\/\/nvnoticias.mx\/index.php\/wp-json\/wp\/v2\/posts\/204751","targetHints":{"allow":["GET"]}}],"collection":[{"href":"https:\/\/nvnoticias.mx\/index.php\/wp-json\/wp\/v2\/posts"}],"about":[{"href":"https:\/\/nvnoticias.mx\/index.php\/wp-json\/wp\/v2\/types\/post"}],"author":[{"embeddable":true,"href":"https:\/\/nvnoticias.mx\/index.php\/wp-json\/wp\/v2\/users\/8"}],"replies":[{"embeddable":true,"href":"https:\/\/nvnoticias.mx\/index.php\/wp-json\/wp\/v2\/comments?post=204751"}],"version-history":[{"count":1,"href":"https:\/\/nvnoticias.mx\/index.php\/wp-json\/wp\/v2\/posts\/204751\/revisions"}],"predecessor-version":[{"id":204753,"href":"https:\/\/nvnoticias.mx\/index.php\/wp-json\/wp\/v2\/posts\/204751\/revisions\/204753"}],"wp:featuredmedia":[{"embeddable":true,"href":"https:\/\/nvnoticias.mx\/index.php\/wp-json\/wp\/v2\/media\/204752"}],"wp:attachment":[{"href":"https:\/\/nvnoticias.mx\/index.php\/wp-json\/wp\/v2\/media?parent=204751"}],"wp:term":[{"taxonomy":"category","embeddable":true,"href":"https:\/\/nvnoticias.mx\/index.php\/wp-json\/wp\/v2\/categories?post=204751"},{"taxonomy":"post_tag","embeddable":true,"href":"https:\/\/nvnoticias.mx\/index.php\/wp-json\/wp\/v2\/tags?post=204751"}],"curies":[{"name":"wp","href":"https:\/\/api.w.org\/{rel}","templated":true}]}}