{"id":204736,"date":"2025-12-27T10:57:13","date_gmt":"2025-12-27T16:57:13","guid":{"rendered":"https:\/\/nvnoticias.mx\/?p=204736"},"modified":"2025-12-27T10:57:17","modified_gmt":"2025-12-27T16:57:17","slug":"blumia-experiencia-inmersiva-veracruz","status":"publish","type":"post","link":"https:\/\/nvnoticias.mx\/index.php\/2025\/12\/27\/blumia-experiencia-inmersiva-veracruz\/","title":{"rendered":"Blumia llega a Veracruz con una experiencia inmersiva y sensorial \u00fanica"},"content":{"rendered":"\n<p><strong>\u201cHorarios especiales de fin de a\u00f1o\u201d<\/strong><\/p>\n\n\n\n<p>Veracruz suma un nuevo espacio dedicado al arte, la tecnolog\u00eda y la experiencia sensorial. <strong>Blumia<\/strong>, un innovador proyecto de <strong>entretenimiento inmersivo,<\/strong> abre sus puertas al p\u00fablico en <strong>Plaza Acuario<\/strong>, ofreciendo una propuesta in\u00e9dita en la ciudad que combina arte digital, luz, sonido y <strong>tecnolog\u00eda de vanguardia<\/strong>.<\/p>\n\n\n\n<p>Su primera gran experiencia, <strong>Sue\u00f1os del Oc\u00e9ano<\/strong>, invita a los visitantes a sumergirse en un recorrido multisensorial inspirado en el mundo marino, donde las im\u00e1genes en gran formato, los efectos sonoros envolventes y la interacci\u00f3n con el entorno crean una atm\u00f3sfera que estimula los sentidos y despierta la imaginaci\u00f3n. Se trata de una experiencia dise\u00f1ada para p\u00fablicos de todas las edades, ideal para disfrutar en familia, con amigos o como una forma distinta de acercarse al arte y la innovaci\u00f3n.<\/p>\n\n\n\n<p>Blumia se consolida &nbsp;como un espacio \u00fanico en Veracruz, alineado con las nuevas tendencias de experiencias inmersivas que ya son referentes en grandes ciudades del mundo y que ahora llegan al puerto con una propuesta propia y de alta calidad.<\/p>\n\n\n\n<p>El recinto se encuentra ubicado en Plaza Acuario, Local 18, sobre el bulevar Manuel \u00c1vila Camacho, en la ciudad de Veracruz. De manera regular, el horario de atenci\u00f3n es de 10:00 a 18:00 horas.<\/p>\n\n\n\n<p><strong>Horarios especiales por temporada decembrina<\/strong><\/p>\n\n\n\n<p>Con motivo de las celebraciones de fin de a\u00f1o, Blumia inform\u00f3 que contar\u00e1 con horarios especiales en las siguientes fechas:<\/p>\n\n\n\n<p>&#8211;&nbsp;&nbsp; Martes 31 de diciembre: 10:00 a 15:00 horas<\/p>\n\n\n\n<p>&#8211;&nbsp;&nbsp; Mi\u00e9rcoles 1 de enero: 12:00 a 19:00 horas<\/p>\n\n\n\n<p>Blumia invita al p\u00fablico veracruzano y a quienes visitan el puerto durante esta temporada a vivir una experiencia inmersiva y sensorial diferente, ideal para complementar las actividades culturales y recreativas de fin de a\u00f1o en la ciudad.<\/p>\n\n\n\n<figure class=\"wp-block-gallery has-nested-images columns-default is-cropped wp-block-gallery-1 is-layout-flex wp-block-gallery-is-layout-flex\">\n<figure class=\"wp-block-image size-large\"><img loading=\"lazy\" decoding=\"async\" width=\"682\" height=\"1024\" data-id=\"204738\" src=\"https:\/\/nvnoticias.mx\/wp-content\/uploads\/2025\/12\/WhatsApp-Image-2025-12-27-at-10.39.15-AM-682x1024.jpeg\" alt=\"\" class=\"wp-image-204738\" srcset=\"https:\/\/nvnoticias.mx\/wp-content\/uploads\/2025\/12\/WhatsApp-Image-2025-12-27-at-10.39.15-AM-682x1024.jpeg 682w, https:\/\/nvnoticias.mx\/wp-content\/uploads\/2025\/12\/WhatsApp-Image-2025-12-27-at-10.39.15-AM-200x300.jpeg 200w, https:\/\/nvnoticias.mx\/wp-content\/uploads\/2025\/12\/WhatsApp-Image-2025-12-27-at-10.39.15-AM-768x1153.jpeg 768w, https:\/\/nvnoticias.mx\/wp-content\/uploads\/2025\/12\/WhatsApp-Image-2025-12-27-at-10.39.15-AM-1023x1536.jpeg 1023w, https:\/\/nvnoticias.mx\/wp-content\/uploads\/2025\/12\/WhatsApp-Image-2025-12-27-at-10.39.15-AM.jpeg 1066w\" sizes=\"auto, (max-width: 682px) 100vw, 682px\" \/><figcaption class=\"wp-element-caption\">Blumia<\/figcaption><\/figure>\n\n\n\n<figure class=\"wp-block-image size-large\"><img loading=\"lazy\" decoding=\"async\" width=\"682\" height=\"1024\" data-id=\"204739\" src=\"https:\/\/nvnoticias.mx\/wp-content\/uploads\/2025\/12\/WhatsApp-Image-2025-12-27-at-10.39.16-AM-3-682x1024.jpeg\" alt=\"\" class=\"wp-image-204739\" srcset=\"https:\/\/nvnoticias.mx\/wp-content\/uploads\/2025\/12\/WhatsApp-Image-2025-12-27-at-10.39.16-AM-3-682x1024.jpeg 682w, https:\/\/nvnoticias.mx\/wp-content\/uploads\/2025\/12\/WhatsApp-Image-2025-12-27-at-10.39.16-AM-3-200x300.jpeg 200w, https:\/\/nvnoticias.mx\/wp-content\/uploads\/2025\/12\/WhatsApp-Image-2025-12-27-at-10.39.16-AM-3-768x1153.jpeg 768w, https:\/\/nvnoticias.mx\/wp-content\/uploads\/2025\/12\/WhatsApp-Image-2025-12-27-at-10.39.16-AM-3-1023x1536.jpeg 1023w, https:\/\/nvnoticias.mx\/wp-content\/uploads\/2025\/12\/WhatsApp-Image-2025-12-27-at-10.39.16-AM-3.jpeg 1066w\" sizes=\"auto, (max-width: 682px) 100vw, 682px\" \/><figcaption class=\"wp-element-caption\">Blumia<\/figcaption><\/figure>\n\n\n\n<figure class=\"wp-block-image size-large\"><img loading=\"lazy\" decoding=\"async\" width=\"819\" height=\"1024\" data-id=\"204740\" src=\"https:\/\/nvnoticias.mx\/wp-content\/uploads\/2025\/12\/WhatsApp-Image-2025-12-27-at-10.39.16-AM-2-819x1024.jpeg\" alt=\"\" class=\"wp-image-204740\" srcset=\"https:\/\/nvnoticias.mx\/wp-content\/uploads\/2025\/12\/WhatsApp-Image-2025-12-27-at-10.39.16-AM-2-819x1024.jpeg 819w, https:\/\/nvnoticias.mx\/wp-content\/uploads\/2025\/12\/WhatsApp-Image-2025-12-27-at-10.39.16-AM-2-240x300.jpeg 240w, https:\/\/nvnoticias.mx\/wp-content\/uploads\/2025\/12\/WhatsApp-Image-2025-12-27-at-10.39.16-AM-2-768x960.jpeg 768w, https:\/\/nvnoticias.mx\/wp-content\/uploads\/2025\/12\/WhatsApp-Image-2025-12-27-at-10.39.16-AM-2.jpeg 1200w\" sizes=\"auto, (max-width: 819px) 100vw, 819px\" \/><figcaption class=\"wp-element-caption\">experiencia multisensorial<\/figcaption><\/figure>\n\n\n\n<figure class=\"wp-block-image size-large\"><img loading=\"lazy\" decoding=\"async\" width=\"1003\" height=\"1024\" data-id=\"204741\" src=\"https:\/\/nvnoticias.mx\/wp-content\/uploads\/2025\/12\/WhatsApp-Image-2025-12-27-at-10.39.16-AM-1-1003x1024.jpeg\" alt=\"\" class=\"wp-image-204741\" srcset=\"https:\/\/nvnoticias.mx\/wp-content\/uploads\/2025\/12\/WhatsApp-Image-2025-12-27-at-10.39.16-AM-1-1003x1024.jpeg 1003w, https:\/\/nvnoticias.mx\/wp-content\/uploads\/2025\/12\/WhatsApp-Image-2025-12-27-at-10.39.16-AM-1-294x300.jpeg 294w, https:\/\/nvnoticias.mx\/wp-content\/uploads\/2025\/12\/WhatsApp-Image-2025-12-27-at-10.39.16-AM-1-768x784.jpeg 768w, https:\/\/nvnoticias.mx\/wp-content\/uploads\/2025\/12\/WhatsApp-Image-2025-12-27-at-10.39.16-AM-1.jpeg 1179w\" sizes=\"auto, (max-width: 1003px) 100vw, 1003px\" \/><figcaption class=\"wp-element-caption\">Sue\u00f1os del Oc\u00e9ano<\/figcaption><\/figure>\n\n\n\n<figure class=\"wp-block-image size-large\"><img loading=\"lazy\" decoding=\"async\" width=\"682\" height=\"1024\" data-id=\"204742\" src=\"https:\/\/nvnoticias.mx\/wp-content\/uploads\/2025\/12\/WhatsApp-Image-2025-12-27-at-10.39.16-AM-682x1024.jpeg\" alt=\"\" class=\"wp-image-204742\" srcset=\"https:\/\/nvnoticias.mx\/wp-content\/uploads\/2025\/12\/WhatsApp-Image-2025-12-27-at-10.39.16-AM-682x1024.jpeg 682w, https:\/\/nvnoticias.mx\/wp-content\/uploads\/2025\/12\/WhatsApp-Image-2025-12-27-at-10.39.16-AM-200x300.jpeg 200w, https:\/\/nvnoticias.mx\/wp-content\/uploads\/2025\/12\/WhatsApp-Image-2025-12-27-at-10.39.16-AM-768x1153.jpeg 768w, https:\/\/nvnoticias.mx\/wp-content\/uploads\/2025\/12\/WhatsApp-Image-2025-12-27-at-10.39.16-AM-1023x1536.jpeg 1023w, https:\/\/nvnoticias.mx\/wp-content\/uploads\/2025\/12\/WhatsApp-Image-2025-12-27-at-10.39.16-AM.jpeg 1066w\" sizes=\"auto, (max-width: 682px) 100vw, 682px\" \/><figcaption class=\"wp-element-caption\">experiencia inmersiva <\/figcaption><\/figure>\n<\/figure>\n","protected":false},"excerpt":{"rendered":"<p>\u201cHorarios especiales de fin de a\u00f1o\u201d Veracruz suma un nuevo espacio dedicado al arte, la tecnolog\u00eda y la experiencia sensorial. Blumia, un innovador proyecto de entretenimiento inmersivo, abre sus puertas al p\u00fablico en Plaza Acuario, ofreciendo una propuesta in\u00e9dita en la ciudad que combina arte digital, luz, sonido y tecnolog\u00eda de vanguardia. Su primera gran [&hellip;]<\/p>\n","protected":false},"author":6,"featured_media":204737,"comment_status":"open","ping_status":"open","sticky":false,"template":"","format":"standard","meta":{"_monsterinsights_skip_tracking":false,"_monsterinsights_sitenote_active":false,"_monsterinsights_sitenote_note":"","_monsterinsights_sitenote_category":0,"footnotes":""},"categories":[576],"tags":[32840,32838,32836,342,20151,32839,13911,32837,2018,744,180],"class_list":["post-204736","post","type-post","status-publish","format-standard","has-post-thumbnail","hentry","category-ocio","tag-agenda-cultural","tag-arte-digital","tag-blumia","tag-cultura","tag-entretenimiento","tag-experiencia-inmersiva","tag-plaza-acuario","tag-suenos-del-oceano","tag-tecnologia-2","tag-turismo","tag-veracruz","wp-image-borders"],"amp_enabled":true,"_links":{"self":[{"href":"https:\/\/nvnoticias.mx\/index.php\/wp-json\/wp\/v2\/posts\/204736","targetHints":{"allow":["GET"]}}],"collection":[{"href":"https:\/\/nvnoticias.mx\/index.php\/wp-json\/wp\/v2\/posts"}],"about":[{"href":"https:\/\/nvnoticias.mx\/index.php\/wp-json\/wp\/v2\/types\/post"}],"author":[{"embeddable":true,"href":"https:\/\/nvnoticias.mx\/index.php\/wp-json\/wp\/v2\/users\/6"}],"replies":[{"embeddable":true,"href":"https:\/\/nvnoticias.mx\/index.php\/wp-json\/wp\/v2\/comments?post=204736"}],"version-history":[{"count":1,"href":"https:\/\/nvnoticias.mx\/index.php\/wp-json\/wp\/v2\/posts\/204736\/revisions"}],"predecessor-version":[{"id":204743,"href":"https:\/\/nvnoticias.mx\/index.php\/wp-json\/wp\/v2\/posts\/204736\/revisions\/204743"}],"wp:featuredmedia":[{"embeddable":true,"href":"https:\/\/nvnoticias.mx\/index.php\/wp-json\/wp\/v2\/media\/204737"}],"wp:attachment":[{"href":"https:\/\/nvnoticias.mx\/index.php\/wp-json\/wp\/v2\/media?parent=204736"}],"wp:term":[{"taxonomy":"category","embeddable":true,"href":"https:\/\/nvnoticias.mx\/index.php\/wp-json\/wp\/v2\/categories?post=204736"},{"taxonomy":"post_tag","embeddable":true,"href":"https:\/\/nvnoticias.mx\/index.php\/wp-json\/wp\/v2\/tags?post=204736"}],"curies":[{"name":"wp","href":"https:\/\/api.w.org\/{rel}","templated":true}]}}