{"id":204715,"date":"2025-12-26T13:47:39","date_gmt":"2025-12-26T19:47:39","guid":{"rendered":"https:\/\/nvnoticias.mx\/?p=204715"},"modified":"2025-12-26T13:47:43","modified_gmt":"2025-12-26T19:47:43","slug":"siguen-hospitalizados-los-lesionados-de-accidente-en-zontecomatlan","status":"publish","type":"post","link":"https:\/\/nvnoticias.mx\/index.php\/2025\/12\/26\/siguen-hospitalizados-los-lesionados-de-accidente-en-zontecomatlan\/","title":{"rendered":"Siguen hospitalizados los lesionados de accidente en Zontecomatl\u00e1n"},"content":{"rendered":"\n<p><\/p>\n\n\n\n<p><strong>Sam Ojeda \/ NV Noticias<\/strong><\/p>\n\n\n\n<p>Xalapa.\u2013 El saldo del accidente registrado el 24 de diciembre en la zona de Zontecomatl\u00e1n se elev\u00f3 a 10 personas fallecidas, adem\u00e1s de varios lesionados que permanecen bajo atenci\u00f3n m\u00e9dica en hospitales de Veracruz e Hidalgo, inform\u00f3 la gobernadora Roc\u00edo Nahle Garc\u00eda.<\/p>\n\n\n\n<p>La mandataria estatal precis\u00f3 que el cami\u00f3n se volc\u00f3 y cay\u00f3 a un barranco entre las 5:00 y 5:30 de la tarde, lo que activ\u00f3 de inmediato los protocolos de emergencia y el traslado de las personas heridas a distintas unidades m\u00e9dicas de la regi\u00f3n.<\/p>\n\n\n\n<p>\u201cEl 24 de diciembre alrededor de 5:00 y 5:30 de la tarde un cami\u00f3n se volc\u00f3 y cay\u00f3 a un barranco en la zona de Zontecomatl\u00e1n, lamentablemente 10 personas ya fallecieron, y las dem\u00e1s se atendieron, se est\u00e1n atendiendo en hospitales de Hidalgo y de Veracruz\u201d.<\/p>\n\n\n\n<p>Indic\u00f3 que uno de los lesionados, en estado grave, fue trasladado v\u00eda a\u00e9rea del Hospital de Chicontepec a Tuxpan debido a la urgencia de una intervenci\u00f3n especializada, procedimiento que ya fue realizado y cuyo pron\u00f3stico es reservado.<\/p>\n\n\n\n<p>\u201cHasta ayer (jueves) se traslad\u00f3 v\u00eda a\u00e9rea una persona lesionada del Hospital de Chicontepec a Tuxpan, porque requer\u00eda urgentemente una intervenci\u00f3n muy delicada, se le intervino y est\u00e1 en recuperaci\u00f3n, esperemos que salga de la condici\u00f3n grave\u201d.<\/p>\n\n\n\n<p>La gobernadora detall\u00f3 que el traslado se efectu\u00f3 con un helic\u00f3ptero del Gobierno del Estado y que el resto de los heridos recibe atenci\u00f3n en hospitales del IMSS-Bienestar, del IMSS y en dos hospitales privados ubicados en Huejutla.<\/p>\n\n\n\n<p>\u201cEl traslado se hizo a trav\u00e9s de y helic\u00f3ptero del estado\u201d.<\/p>\n\n\n\n<p>\u201cLos dem\u00e1s est\u00e1n en hospitales del IMSS-Bienestar, del IMSS y creo que dos hospitales privados de Huejutla\u201d.<\/p>\n\n\n\n<p>Nahle Garc\u00eda subray\u00f3 que la atenci\u00f3n m\u00e9dica y el acompa\u00f1amiento a las v\u00edctimas y sus familias se ha dado de manera coordinada entre el seguro de la empresa involucrada y el Gobierno estatal, con la participaci\u00f3n permanente de Protecci\u00f3n Civil y la Secretar\u00eda de Seguridad P\u00fablica.<\/p>\n\n\n\n<p>\u201cTanto el seguro de la empresa como el Gobierno del estado inmediatamente actu\u00f3 para darles atenci\u00f3n m\u00e9dica; Protecci\u00f3n Civil ha estado al tanto y la Secretar\u00eda de Seguridad P\u00fablica\u201d.<\/p>\n\n\n\n<p>En otro tema, la gobernadora inform\u00f3 que las lluvias registradas en la regi\u00f3n de Los Tuxtlas provocaron nuevas afectaciones en la comunidad de La Palma, donde un r\u00edo se desbord\u00f3 e inund\u00f3 alrededor de un centenar de viviendas.<\/p>\n\n\n\n<p>\u201cEn la comunidad de La Palma fue donde el r\u00edo se desbord\u00f3, primero tuvimos afectaciones en un centenar de casas, donde el Ej\u00e9rcito inmediatamente entr\u00f3 con el Plan DN-III-E, entr\u00f3 de 30 a 40 cent\u00edmetros en las viviendas pero no hubo desgracias que lamentar\u201d.<\/p>\n\n\n\n<p>Se\u00f1al\u00f3 que el jueves se registraron nuevamente lluvias intensas en la zona, lo que gener\u00f3 m\u00e1s anegaciones y el fallecimiento de una persona que fue arrastrada por la corriente al intentar cruzar un vado a caballo.<\/p>\n\n\n\n<p>\u201cAyer (jueves) volvi\u00f3 a llover fuerte en la zona de Los Tuxtlas y la misma comunidad present\u00f3 anegaciones\u201d.<\/p>\n\n\n\n<p>\u201cTenemos el saldo de una persona que iba en caballo y al tratar de cruzar un vado fue arrastrado por la corriente de agua y perdi\u00f3 la vida, fue localizado ayer\u201d.<\/p>\n\n\n\n<p>La mandataria a\u00f1adi\u00f3 que ya se despleg\u00f3 maquinaria pesada para las labores de limpieza y retiro de lodo, adem\u00e1s de la entrega de alimentos por parte de Bienestar, y adelant\u00f3 que las acciones de atenci\u00f3n continuar\u00e1n en los pr\u00f3ximos d\u00edas.<\/p>\n\n\n\n<p>\u201cAyer por la noche lleg\u00f3 maquinaria, la tuvimos que mover de diversos puntos para poder ayudar a limpiar y levantar el lodo y la palotada\u201d.<\/p>\n\n\n\n<p>\u201cSe llev\u00f3 alimentos por parte de Bienestar y hoy veremos el plan porque estaremos trabajando en los pr\u00f3ximos d\u00edas\u201d.<\/p>\n\n\n\n<p><\/p>\n","protected":false},"excerpt":{"rendered":"<p>Sam Ojeda \/ NV Noticias Xalapa.\u2013 El saldo del accidente registrado el 24 de diciembre en la zona de Zontecomatl\u00e1n se elev\u00f3 a 10 personas fallecidas, adem\u00e1s de varios lesionados que permanecen bajo atenci\u00f3n m\u00e9dica en hospitales de Veracruz e Hidalgo, inform\u00f3 la gobernadora Roc\u00edo Nahle Garc\u00eda. La mandataria estatal precis\u00f3 que el cami\u00f3n se [&hellip;]<\/p>\n","protected":false},"author":8,"featured_media":204716,"comment_status":"open","ping_status":"open","sticky":false,"template":"","format":"standard","meta":{"_monsterinsights_skip_tracking":false,"_monsterinsights_sitenote_active":false,"_monsterinsights_sitenote_note":"","_monsterinsights_sitenote_category":0,"footnotes":""},"categories":[156],"tags":[3024,32835],"class_list":["post-204715","post","type-post","status-publish","format-standard","has-post-thumbnail","hentry","category-estado","tag-lesionados","tag-zontecomatlan","wp-image-borders"],"amp_enabled":true,"_links":{"self":[{"href":"https:\/\/nvnoticias.mx\/index.php\/wp-json\/wp\/v2\/posts\/204715","targetHints":{"allow":["GET"]}}],"collection":[{"href":"https:\/\/nvnoticias.mx\/index.php\/wp-json\/wp\/v2\/posts"}],"about":[{"href":"https:\/\/nvnoticias.mx\/index.php\/wp-json\/wp\/v2\/types\/post"}],"author":[{"embeddable":true,"href":"https:\/\/nvnoticias.mx\/index.php\/wp-json\/wp\/v2\/users\/8"}],"replies":[{"embeddable":true,"href":"https:\/\/nvnoticias.mx\/index.php\/wp-json\/wp\/v2\/comments?post=204715"}],"version-history":[{"count":1,"href":"https:\/\/nvnoticias.mx\/index.php\/wp-json\/wp\/v2\/posts\/204715\/revisions"}],"predecessor-version":[{"id":204717,"href":"https:\/\/nvnoticias.mx\/index.php\/wp-json\/wp\/v2\/posts\/204715\/revisions\/204717"}],"wp:featuredmedia":[{"embeddable":true,"href":"https:\/\/nvnoticias.mx\/index.php\/wp-json\/wp\/v2\/media\/204716"}],"wp:attachment":[{"href":"https:\/\/nvnoticias.mx\/index.php\/wp-json\/wp\/v2\/media?parent=204715"}],"wp:term":[{"taxonomy":"category","embeddable":true,"href":"https:\/\/nvnoticias.mx\/index.php\/wp-json\/wp\/v2\/categories?post=204715"},{"taxonomy":"post_tag","embeddable":true,"href":"https:\/\/nvnoticias.mx\/index.php\/wp-json\/wp\/v2\/tags?post=204715"}],"curies":[{"name":"wp","href":"https:\/\/api.w.org\/{rel}","templated":true}]}}