{"id":204667,"date":"2025-12-26T13:59:29","date_gmt":"2025-12-26T19:59:29","guid":{"rendered":"https:\/\/nvnoticias.mx\/?p=204667"},"modified":"2025-12-26T13:59:33","modified_gmt":"2025-12-26T19:59:33","slug":"la-herencia-politica-que-pesa-ahued-islas","status":"publish","type":"post","link":"https:\/\/nvnoticias.mx\/index.php\/2025\/12\/26\/la-herencia-politica-que-pesa-ahued-islas\/","title":{"rendered":"La herencia pol\u00edtica que pesa: Ahued\u2013Islas"},"content":{"rendered":"\n<p>A d\u00edas de concluir la administraci\u00f3n municipal que inici\u00f3 Ricardo Ahued y que finaliza Alberto Islas, Xalapa entra en una nueva etapa con una realidad que no se puede ignorar: la ciudad recibe un gobierno con bases s\u00f3lidas y una herencia pol\u00edtica que pesa.<\/p>\n\n\n\n<p>El balance del periodo Ahued\u2013Islas es positivo y est\u00e1 respaldado por datos.<\/p>\n\n\n\n<p>La administraci\u00f3n deja inversi\u00f3n hist\u00f3rica en obra p\u00fablica y equipamiento, finanzas sanas, sin subejercicios presupuestales y sin esc\u00e1ndalos que comprometieran la estabilidad institucional del Ayuntamiento. En un entorno nacional donde muchos municipios enfrentan observaciones y crisis administrativas, Xalapa cierra con orden.<\/p>\n\n\n\n<p>A ello se suma una relaci\u00f3n institucional efectiva con los gobiernos federal y estatal, as\u00ed como con los distintos sectores sociales de la capital.<\/p>\n\n\n\n<p>Acad\u00e9micos, empresarios, organizaciones civiles, sindicales y ciudadanas encontraron interlocuci\u00f3n en un gobierno que entendi\u00f3 la complejidad pol\u00edtica de gobernar la capital veracruzana.<\/p>\n\n\n\n<p>Xalapa no es cualquier municipio. Es sede de los poderes del estado, espacio de formaci\u00f3n universitaria, de debate p\u00fablico constante y de sectores acad\u00e9micos y empresariales cr\u00edticos, informados y con alto nivel de exigencia pol\u00edtica y cultural. Aqu\u00ed, el margen de improvisaci\u00f3n es m\u00ednimo y la curva de aprendizaje se paga caro.<\/p>\n\n\n\n<p>El desempe\u00f1o de Ricardo Ahued y Alberto Islas tambi\u00e9n se reflej\u00f3 en la percepci\u00f3n ciudadana.<\/p>\n\n\n\n<p>Ambos lograron posicionarse en encuestas y rankings nacionales dentro del grupo de los alcaldes mejor evaluados, un indicador de cercan\u00eda, desempe\u00f1o e imagen institucional que hoy se convierte en par\u00e1metro de comparaci\u00f3n obligada.<\/p>\n\n\n\n<p>Es bajo este contexto que quienes llegan con Daniela Griego enfrentar\u00e1n un reto mayor. No reciben una administraci\u00f3n en crisis, sino una ciudad funcionando, con cifras claras y con confianza social. El desaf\u00edo ser\u00e1 mantener el nivel, sostener los resultados y no dilapidar el capital institucional heredado.<\/p>\n\n\n\n<p>Ahued e Islas cumplieron.<\/p>\n\n\n\n<p>Esa es la herencia pol\u00edtica que hoy pesa. Y es, al mismo tiempo, el principal desaf\u00edo para el nuevo gobierno municipal.<\/p>\n","protected":false},"excerpt":{"rendered":"<p>A d\u00edas de concluir la administraci\u00f3n municipal que inici\u00f3 Ricardo Ahued y que finaliza Alberto Islas, Xalapa entra en una nueva etapa con una realidad que no se puede ignorar: la ciudad recibe un gobierno con bases s\u00f3lidas y una herencia pol\u00edtica que pesa. El balance del periodo Ahued\u2013Islas es positivo y est\u00e1 respaldado por [&hellip;]<\/p>\n","protected":false},"author":35,"featured_media":204721,"comment_status":"open","ping_status":"open","sticky":false,"template":"","format":"standard","meta":{"_monsterinsights_skip_tracking":false,"_monsterinsights_sitenote_active":false,"_monsterinsights_sitenote_note":"","_monsterinsights_sitenote_category":0,"footnotes":""},"categories":[156],"tags":[31278],"class_list":["post-204667","post","type-post","status-publish","format-standard","has-post-thumbnail","hentry","category-estado","tag-alberto-islas","wp-image-borders"],"amp_enabled":true,"_links":{"self":[{"href":"https:\/\/nvnoticias.mx\/index.php\/wp-json\/wp\/v2\/posts\/204667","targetHints":{"allow":["GET"]}}],"collection":[{"href":"https:\/\/nvnoticias.mx\/index.php\/wp-json\/wp\/v2\/posts"}],"about":[{"href":"https:\/\/nvnoticias.mx\/index.php\/wp-json\/wp\/v2\/types\/post"}],"author":[{"embeddable":true,"href":"https:\/\/nvnoticias.mx\/index.php\/wp-json\/wp\/v2\/users\/35"}],"replies":[{"embeddable":true,"href":"https:\/\/nvnoticias.mx\/index.php\/wp-json\/wp\/v2\/comments?post=204667"}],"version-history":[{"count":1,"href":"https:\/\/nvnoticias.mx\/index.php\/wp-json\/wp\/v2\/posts\/204667\/revisions"}],"predecessor-version":[{"id":204722,"href":"https:\/\/nvnoticias.mx\/index.php\/wp-json\/wp\/v2\/posts\/204667\/revisions\/204722"}],"wp:featuredmedia":[{"embeddable":true,"href":"https:\/\/nvnoticias.mx\/index.php\/wp-json\/wp\/v2\/media\/204721"}],"wp:attachment":[{"href":"https:\/\/nvnoticias.mx\/index.php\/wp-json\/wp\/v2\/media?parent=204667"}],"wp:term":[{"taxonomy":"category","embeddable":true,"href":"https:\/\/nvnoticias.mx\/index.php\/wp-json\/wp\/v2\/categories?post=204667"},{"taxonomy":"post_tag","embeddable":true,"href":"https:\/\/nvnoticias.mx\/index.php\/wp-json\/wp\/v2\/tags?post=204667"}],"curies":[{"name":"wp","href":"https:\/\/api.w.org\/{rel}","templated":true}]}}