{"id":204663,"date":"2025-12-26T11:10:51","date_gmt":"2025-12-26T17:10:51","guid":{"rendered":"https:\/\/nvnoticias.mx\/?p=204663"},"modified":"2025-12-26T11:10:54","modified_gmt":"2025-12-26T17:10:54","slug":"nigeria-confirma-que-ayudo-a-trump-a-bombardear-a-isis","status":"publish","type":"post","link":"https:\/\/nvnoticias.mx\/index.php\/2025\/12\/26\/nigeria-confirma-que-ayudo-a-trump-a-bombardear-a-isis\/","title":{"rendered":"Nigeria confirma que ayud\u00f3 a Trump a bombardear a ISIS"},"content":{"rendered":"\n<p>Las\u00a0<strong>autoridades nigerianas<\/strong>\u00a0confirmaron que lanzaron ataques a\u00e9reos de manera conjunta con Estados Unidos contra objetivos del grupo terrorista\u00a0Estado Isl\u00e1mico\u00a0(EI) en el noroeste de Nigeria, despu\u00e9s de que el presidente estadounidense, Donald Trump, anunciara esos bombardeos como respuesta a una supuesta \u201cmasacre\u201d de cristianos en ese pa\u00eds africano.<\/p>\n\n\n\n<p>\u201cLas Fuerzas Armadas de Nigeria, en colaboraci\u00f3n con Estados Unidos de Am\u00e9rica, han llevado a cabo con \u00e9xito operaciones de ataque de precisi\u00f3n contra elementos extranjeros identificados, vinculados al EI, que operan en zonas del noroeste de Nigeria\u201d, declar\u00f3 el portavoz de las Fuerzas Armadas, teniente general Samaila Uba.<\/p>\n\n\n\n<p>\u201cLos ataques se basaron en informaci\u00f3n fidedigna y una&nbsp;<strong>cuidadosa planificaci\u00f3n&nbsp;<\/strong>operativa, con el objetivo de debilitar la capacidad operativa de los terroristas, minimizando al mismo tiempo los da\u00f1os colaterales\u201d, explic\u00f3 Uba en un comunicado.<\/p>\n\n\n\n<p>El ministro nigeriano de Asuntos Exteriores, Yusuf Tuggar, revel\u00f3 que habl\u00f3 con el\u00a0secretario de Estado de EU, Marco Rubio, antes del ataque.<\/p>\n\n\n\n<p>Fuente: El <a href=\"https:\/\/www.elfinanciero.com.mx\/mundo\/2025\/12\/26\/nigeria-confirma-que-ayudo-a-trump-a-bombardear-a-isis-hablamos-19-minutos-antes-del-ataque-con-eu\/\">Financiero<\/a><\/p>\n","protected":false},"excerpt":{"rendered":"<p>Las\u00a0autoridades nigerianas\u00a0confirmaron que lanzaron ataques a\u00e9reos de manera conjunta con Estados Unidos contra objetivos del grupo terrorista\u00a0Estado Isl\u00e1mico\u00a0(EI) en el noroeste de Nigeria, despu\u00e9s de que el presidente estadounidense, Donald Trump, anunciara esos bombardeos como respuesta a una supuesta \u201cmasacre\u201d de cristianos en ese pa\u00eds africano. \u201cLas Fuerzas Armadas de Nigeria, en colaboraci\u00f3n con Estados [&hellip;]<\/p>\n","protected":false},"author":35,"featured_media":204666,"comment_status":"open","ping_status":"open","sticky":false,"template":"","format":"standard","meta":{"_monsterinsights_skip_tracking":false,"_monsterinsights_sitenote_active":false,"_monsterinsights_sitenote_note":"","_monsterinsights_sitenote_category":0,"footnotes":""},"categories":[181],"tags":[230,6844,1475],"class_list":["post-204663","post","type-post","status-publish","format-standard","has-post-thumbnail","hentry","category-internacional","tag-donald-trump","tag-isis","tag-nigeria","wp-image-borders"],"amp_enabled":true,"_links":{"self":[{"href":"https:\/\/nvnoticias.mx\/index.php\/wp-json\/wp\/v2\/posts\/204663","targetHints":{"allow":["GET"]}}],"collection":[{"href":"https:\/\/nvnoticias.mx\/index.php\/wp-json\/wp\/v2\/posts"}],"about":[{"href":"https:\/\/nvnoticias.mx\/index.php\/wp-json\/wp\/v2\/types\/post"}],"author":[{"embeddable":true,"href":"https:\/\/nvnoticias.mx\/index.php\/wp-json\/wp\/v2\/users\/35"}],"replies":[{"embeddable":true,"href":"https:\/\/nvnoticias.mx\/index.php\/wp-json\/wp\/v2\/comments?post=204663"}],"version-history":[{"count":2,"href":"https:\/\/nvnoticias.mx\/index.php\/wp-json\/wp\/v2\/posts\/204663\/revisions"}],"predecessor-version":[{"id":204665,"href":"https:\/\/nvnoticias.mx\/index.php\/wp-json\/wp\/v2\/posts\/204663\/revisions\/204665"}],"wp:featuredmedia":[{"embeddable":true,"href":"https:\/\/nvnoticias.mx\/index.php\/wp-json\/wp\/v2\/media\/204666"}],"wp:attachment":[{"href":"https:\/\/nvnoticias.mx\/index.php\/wp-json\/wp\/v2\/media?parent=204663"}],"wp:term":[{"taxonomy":"category","embeddable":true,"href":"https:\/\/nvnoticias.mx\/index.php\/wp-json\/wp\/v2\/categories?post=204663"},{"taxonomy":"post_tag","embeddable":true,"href":"https:\/\/nvnoticias.mx\/index.php\/wp-json\/wp\/v2\/tags?post=204663"}],"curies":[{"name":"wp","href":"https:\/\/api.w.org\/{rel}","templated":true}]}}