{"id":204559,"date":"2025-12-24T11:50:22","date_gmt":"2025-12-24T17:50:22","guid":{"rendered":"https:\/\/nvnoticias.mx\/?p=204559"},"modified":"2025-12-24T11:50:26","modified_gmt":"2025-12-24T17:50:26","slug":"bolsonaro-sale-de-prision-e-ingresa-al-hospital-para-cirugia","status":"publish","type":"post","link":"https:\/\/nvnoticias.mx\/index.php\/2025\/12\/24\/bolsonaro-sale-de-prision-e-ingresa-al-hospital-para-cirugia\/","title":{"rendered":"Bolsonaro sale de prisi\u00f3n e ingresa al hospital para cirug\u00eda"},"content":{"rendered":"\n<p>El ex presidente brasile\u00f1o Jair Bolsonaro ingres\u00f3 este mi\u00e9rcoles a un hospital de Brasilia para someterse a una cirug\u00eda el jueves, la primera vez que deja la prisi\u00f3n desde que a finales de noviembre comenz\u00f3 a pagar una condena de 27 a\u00f1os de c\u00e1rcel por intento de golpe de Estado.<\/p>\n\n\n\n<p>Periodistas de la&nbsp;<em>Afp<\/em>&nbsp;observaron cuando un convoy de veh\u00edculos negros, escoltados por motocicletas, ingres\u00f3 al estacionamiento del hospital DF Star, donde el ex mandatario de extrema derecha ya fue operado en abril.<\/p>\n\n\n\n<p>Una fuente del centro m\u00e9dico confirm\u00f3 a la&nbsp;<em>Afp<\/em>&nbsp;que Bolsonaro, de 70 a\u00f1os, estaba en el convoy. La duraci\u00f3n de la hospitalizaci\u00f3n no ha sido revelada.<\/p>\n\n\n\n<p>Esta salida de la c\u00e1rcel fue autorizada por el juez de la corte suprema de Brasil, Alexandre de Moraes, responsable del proceso por el cual el ex presidente (2019-2022) fue condenado en septiembre por haber conspirado para mantenerse en el poder despu\u00e9s de su derrota en las elecciones ante el izquierdista Luiz In\u00e1cio Lula da Silva en octubre de 2022.<\/p>\n\n\n\n<p>El convoy que traslad\u00f3 a Bolsonaro tard\u00f3 apenas unos minutos en ir desde las dependencias de la Polic\u00eda Federal, donde cumple su condena, hasta el hospital DF Star.<\/p>\n\n\n\n<p>Bolsonaro debe ser operado el jueves de una hernia inguinal para resolver una protuberancia en la ingle, que fue producida por la salida de un \u00f3rgano \u2014como el intestino, por ejemplo\u2014 a trav\u00e9s del desgarro del m\u00fasculo abdominal.<\/p>\n\n\n\n<p>Fuente: La <a href=\"https:\/\/www.jornada.com.mx\/noticia\/2025\/12\/24\/mundo\/bolsonaro-sale-de-prision-e-ingresa-al-hospital-para-cirugia\">Jornada<\/a> <\/p>\n","protected":false},"excerpt":{"rendered":"<p>El ex presidente brasile\u00f1o Jair Bolsonaro ingres\u00f3 este mi\u00e9rcoles a un hospital de Brasilia para someterse a una cirug\u00eda el jueves, la primera vez que deja la prisi\u00f3n desde que a finales de noviembre comenz\u00f3 a pagar una condena de 27 a\u00f1os de c\u00e1rcel por intento de golpe de Estado. Periodistas de la&nbsp;Afp&nbsp;observaron cuando un [&hellip;]<\/p>\n","protected":false},"author":35,"featured_media":204563,"comment_status":"open","ping_status":"open","sticky":false,"template":"","format":"standard","meta":{"_monsterinsights_skip_tracking":false,"_monsterinsights_sitenote_active":false,"_monsterinsights_sitenote_note":"","_monsterinsights_sitenote_category":0,"footnotes":""},"categories":[181],"tags":[5019],"class_list":["post-204559","post","type-post","status-publish","format-standard","has-post-thumbnail","hentry","category-internacional","tag-jair-bolsonaro","wp-image-borders"],"amp_enabled":true,"_links":{"self":[{"href":"https:\/\/nvnoticias.mx\/index.php\/wp-json\/wp\/v2\/posts\/204559","targetHints":{"allow":["GET"]}}],"collection":[{"href":"https:\/\/nvnoticias.mx\/index.php\/wp-json\/wp\/v2\/posts"}],"about":[{"href":"https:\/\/nvnoticias.mx\/index.php\/wp-json\/wp\/v2\/types\/post"}],"author":[{"embeddable":true,"href":"https:\/\/nvnoticias.mx\/index.php\/wp-json\/wp\/v2\/users\/35"}],"replies":[{"embeddable":true,"href":"https:\/\/nvnoticias.mx\/index.php\/wp-json\/wp\/v2\/comments?post=204559"}],"version-history":[{"count":4,"href":"https:\/\/nvnoticias.mx\/index.php\/wp-json\/wp\/v2\/posts\/204559\/revisions"}],"predecessor-version":[{"id":204564,"href":"https:\/\/nvnoticias.mx\/index.php\/wp-json\/wp\/v2\/posts\/204559\/revisions\/204564"}],"wp:featuredmedia":[{"embeddable":true,"href":"https:\/\/nvnoticias.mx\/index.php\/wp-json\/wp\/v2\/media\/204563"}],"wp:attachment":[{"href":"https:\/\/nvnoticias.mx\/index.php\/wp-json\/wp\/v2\/media?parent=204559"}],"wp:term":[{"taxonomy":"category","embeddable":true,"href":"https:\/\/nvnoticias.mx\/index.php\/wp-json\/wp\/v2\/categories?post=204559"},{"taxonomy":"post_tag","embeddable":true,"href":"https:\/\/nvnoticias.mx\/index.php\/wp-json\/wp\/v2\/tags?post=204559"}],"curies":[{"name":"wp","href":"https:\/\/api.w.org\/{rel}","templated":true}]}}