{"id":204518,"date":"2025-12-24T11:13:58","date_gmt":"2025-12-24T17:13:58","guid":{"rendered":"https:\/\/nvnoticias.mx\/?p=204518"},"modified":"2025-12-24T11:14:02","modified_gmt":"2025-12-24T17:14:02","slug":"en-enero-de-2026-iniciara-la-rehabilitacion-integral-del-periferico-norte-delfina-gomez","status":"publish","type":"post","link":"https:\/\/nvnoticias.mx\/index.php\/2025\/12\/24\/en-enero-de-2026-iniciara-la-rehabilitacion-integral-del-periferico-norte-delfina-gomez\/","title":{"rendered":"En enero de 2026 iniciar\u00e1 la rehabilitaci\u00f3n integral del Perif\u00e9rico Norte: Delfina G\u00f3mez"},"content":{"rendered":"\n<p>La gobernadora del Estado de M\u00e9xico,\u00a0<strong>Delfina G\u00f3mez \u00c1lvarez<\/strong>, anunci\u00f3 que en<strong>\u00a0enero de 2026\u00a0<\/strong>comenzar\u00e1 la rehabilitaci\u00f3n de fondodel<strong>\u00a0Perif\u00e9rico Norte<\/strong>, una de las vialidades m\u00e1s importantes y transitadas de la zona metropolitana, la cual no hab\u00eda recibido una\u00a0intervenci\u00f3n integral durante m\u00e1s de 12 a\u00f1os.<\/p>\n\n\n\n<p>El anuncio fue realizado durante la\u00a0<strong>entrega de la rehabilitaci\u00f3n\u00a0<\/strong>del carril lateral del<strong>Perif\u00e9rico Norte\u00a0<\/strong>en el municipio de\u00a0<strong>Naucalpan<\/strong>, donde la mandataria mexiquense destac\u00f3 que esta obra representa el inicio de una nueva etapa en materia de movilidad y modernizaci\u00f3n de la\u00a0infraestructura vial en la entidad.<\/p>\n\n\n\n<p><strong>\u201cArrancar\u00edamos con una obra emblem\u00e1tica que por d\u00e9cadas hab\u00eda sido olvidada. Y esa obra con la que vamos a empezar nosotros el pr\u00f3ximo a\u00f1o va a ser, precisamente, la reconstrucci\u00f3n de lo que es el Perif\u00e9rico Norte\u201d<\/strong>, expres\u00f3 la gobernadora.<\/p>\n\n\n\n<p>La obra proyectada contempla una\u00a0<strong>intervenci\u00f3n profunda y duradera en ambos sentidos de la vialidad<\/strong>, con una cobertura total de\u00a0<strong>108 kil\u00f3metros de superficie<\/strong>, lo que permitir\u00e1 mejorar de manera sustancial las condiciones de tr\u00e1nsito para miles de automovilistas que diariamente utilizan esta v\u00eda.<\/p>\n\n\n\n<p>Fuente: <a href=\"https:\/\/www.infobae.com\/mexico\/2025\/12\/24\/en-enero-de-2026-iniciara-la-rehabilitacion-integral-del-periferico-norte-delfina-gomez\/\">Infobae<\/a><\/p>\n","protected":false},"excerpt":{"rendered":"<p>La gobernadora del Estado de M\u00e9xico,\u00a0Delfina G\u00f3mez \u00c1lvarez, anunci\u00f3 que en\u00a0enero de 2026\u00a0comenzar\u00e1 la rehabilitaci\u00f3n de fondodel\u00a0Perif\u00e9rico Norte, una de las vialidades m\u00e1s importantes y transitadas de la zona metropolitana, la cual no hab\u00eda recibido una\u00a0intervenci\u00f3n integral durante m\u00e1s de 12 a\u00f1os. El anuncio fue realizado durante la\u00a0entrega de la rehabilitaci\u00f3n\u00a0del carril lateral delPerif\u00e9rico Norte\u00a0en [&hellip;]<\/p>\n","protected":false},"author":35,"featured_media":204523,"comment_status":"open","ping_status":"open","sticky":false,"template":"","format":"standard","meta":{"_monsterinsights_skip_tracking":false,"_monsterinsights_sitenote_active":false,"_monsterinsights_sitenote_note":"","_monsterinsights_sitenote_category":0,"footnotes":""},"categories":[158],"tags":[3139],"class_list":["post-204518","post","type-post","status-publish","format-standard","has-post-thumbnail","hentry","category-politica","tag-delfina-gomez-alvarez","wp-image-borders"],"amp_enabled":true,"_links":{"self":[{"href":"https:\/\/nvnoticias.mx\/index.php\/wp-json\/wp\/v2\/posts\/204518","targetHints":{"allow":["GET"]}}],"collection":[{"href":"https:\/\/nvnoticias.mx\/index.php\/wp-json\/wp\/v2\/posts"}],"about":[{"href":"https:\/\/nvnoticias.mx\/index.php\/wp-json\/wp\/v2\/types\/post"}],"author":[{"embeddable":true,"href":"https:\/\/nvnoticias.mx\/index.php\/wp-json\/wp\/v2\/users\/35"}],"replies":[{"embeddable":true,"href":"https:\/\/nvnoticias.mx\/index.php\/wp-json\/wp\/v2\/comments?post=204518"}],"version-history":[{"count":5,"href":"https:\/\/nvnoticias.mx\/index.php\/wp-json\/wp\/v2\/posts\/204518\/revisions"}],"predecessor-version":[{"id":204524,"href":"https:\/\/nvnoticias.mx\/index.php\/wp-json\/wp\/v2\/posts\/204518\/revisions\/204524"}],"wp:featuredmedia":[{"embeddable":true,"href":"https:\/\/nvnoticias.mx\/index.php\/wp-json\/wp\/v2\/media\/204523"}],"wp:attachment":[{"href":"https:\/\/nvnoticias.mx\/index.php\/wp-json\/wp\/v2\/media?parent=204518"}],"wp:term":[{"taxonomy":"category","embeddable":true,"href":"https:\/\/nvnoticias.mx\/index.php\/wp-json\/wp\/v2\/categories?post=204518"},{"taxonomy":"post_tag","embeddable":true,"href":"https:\/\/nvnoticias.mx\/index.php\/wp-json\/wp\/v2\/tags?post=204518"}],"curies":[{"name":"wp","href":"https:\/\/api.w.org\/{rel}","templated":true}]}}