{"id":20449,"date":"2021-08-07T11:36:30","date_gmt":"2021-08-07T16:36:30","guid":{"rendered":"https:\/\/nvnoticias.mx\/?p=20449"},"modified":"2021-08-07T11:36:56","modified_gmt":"2021-08-07T16:36:56","slug":"amlo-se-compromete-a-enviar-recursos-a-colima","status":"publish","type":"post","link":"https:\/\/nvnoticias.mx\/index.php\/2021\/08\/07\/amlo-se-compromete-a-enviar-recursos-a-colima\/","title":{"rendered":"Ante protesta de trabajadores AMLO se compromete a enviar recursos a Colima"},"content":{"rendered":"\n<p>Ante la crisis financiera que tiene\u00a0Colima, el presidente\u00a0Andr\u00e9s Manuel L\u00f3pez Obrador\u00a0se comprometi\u00f3 a\u00a0enviar recursos a la entidad,\u00a0pero asegurando que lleguen a los trabajadores.<\/p>\n\n\n\n<blockquote class=\"wp-block-quote is-layout-flow wp-block-quote-is-layout-flow\"><p>\u201cSe les va a a pagar, nada m\u00e1s que no les quiero mandar el dinero y que no les llegue\u201d, dijo el mandatario a\u00a0trabajadores del Estado\u00a0que reclaman el\u00a0pago de prestaciones y quincenas atrasadas.<\/p><\/blockquote>\n\n\n\n<p>Las inmediaciones de la Unidad Deportiva Morelos de esta capital, decenas de trabajadores estales con playeras azul turquesa, rojas y blancas, donde el titular del Ejecutivo hace una\u00a0revisi\u00f3n de los programas del Bienestar,\u00a0se manifestaron para pedir ayuda a la Federaci\u00f3n, por la crisis financiera que padece la entidad que gobierna el pri\u00edsta\u00a0Ignacio Peralta.<\/p>\n\n\n\n<p>Sergio Flores, l\u00edder de los trabajadores del gobierno del Estado de Colima, advirti\u00f3 que si no hay salario no habr\u00e1 paz social en la entidad.<\/p>\n\n\n\n<p>Se\u00f1al\u00f3 que esta crisis ha afectado a maestros, m\u00e9dicos, jubilados y pensionados que son un universo de 12 mil trabajadores y sus familias.<\/p>\n\n\n\n<p>Fuente: El Universal<\/p>\n","protected":false},"excerpt":{"rendered":"<p>Ante la crisis financiera que tiene\u00a0Colima, el presidente\u00a0Andr\u00e9s Manuel L\u00f3pez Obrador\u00a0se comprometi\u00f3 a\u00a0enviar recursos a la entidad,\u00a0pero asegurando que lleguen a los trabajadores. \u201cSe les va a a pagar, nada m\u00e1s que no les quiero mandar el dinero y que no les llegue\u201d, dijo el mandatario a\u00a0trabajadores del Estado\u00a0que reclaman el\u00a0pago de prestaciones y quincenas [&hellip;]<\/p>\n","protected":false},"author":6,"featured_media":20451,"comment_status":"open","ping_status":"open","sticky":false,"template":"","format":"standard","meta":{"_monsterinsights_skip_tracking":false,"_monsterinsights_sitenote_active":false,"_monsterinsights_sitenote_note":"","_monsterinsights_sitenote_category":0,"footnotes":""},"categories":[158],"tags":[188,3654],"class_list":["post-20449","post","type-post","status-publish","format-standard","has-post-thumbnail","hentry","category-politica","tag-amlo","tag-colima","wp-image-borders"],"amp_enabled":true,"_links":{"self":[{"href":"https:\/\/nvnoticias.mx\/index.php\/wp-json\/wp\/v2\/posts\/20449","targetHints":{"allow":["GET"]}}],"collection":[{"href":"https:\/\/nvnoticias.mx\/index.php\/wp-json\/wp\/v2\/posts"}],"about":[{"href":"https:\/\/nvnoticias.mx\/index.php\/wp-json\/wp\/v2\/types\/post"}],"author":[{"embeddable":true,"href":"https:\/\/nvnoticias.mx\/index.php\/wp-json\/wp\/v2\/users\/6"}],"replies":[{"embeddable":true,"href":"https:\/\/nvnoticias.mx\/index.php\/wp-json\/wp\/v2\/comments?post=20449"}],"version-history":[{"count":1,"href":"https:\/\/nvnoticias.mx\/index.php\/wp-json\/wp\/v2\/posts\/20449\/revisions"}],"predecessor-version":[{"id":20450,"href":"https:\/\/nvnoticias.mx\/index.php\/wp-json\/wp\/v2\/posts\/20449\/revisions\/20450"}],"wp:featuredmedia":[{"embeddable":true,"href":"https:\/\/nvnoticias.mx\/index.php\/wp-json\/wp\/v2\/media\/20451"}],"wp:attachment":[{"href":"https:\/\/nvnoticias.mx\/index.php\/wp-json\/wp\/v2\/media?parent=20449"}],"wp:term":[{"taxonomy":"category","embeddable":true,"href":"https:\/\/nvnoticias.mx\/index.php\/wp-json\/wp\/v2\/categories?post=20449"},{"taxonomy":"post_tag","embeddable":true,"href":"https:\/\/nvnoticias.mx\/index.php\/wp-json\/wp\/v2\/tags?post=20449"}],"curies":[{"name":"wp","href":"https:\/\/api.w.org\/{rel}","templated":true}]}}