{"id":204461,"date":"2025-12-23T15:47:27","date_gmt":"2025-12-23T21:47:27","guid":{"rendered":"https:\/\/nvnoticias.mx\/?p=204461"},"modified":"2025-12-23T15:47:31","modified_gmt":"2025-12-23T21:47:31","slug":"presidente-electo-de-chile-propone-corredor-humanitario-para-migrantes-irregulares","status":"publish","type":"post","link":"https:\/\/nvnoticias.mx\/index.php\/2025\/12\/23\/presidente-electo-de-chile-propone-corredor-humanitario-para-migrantes-irregulares\/","title":{"rendered":"Presidente electo de Chile propone corredor humanitario para migrantes irregulares"},"content":{"rendered":"\n<p>El presidente electo de Chile, Jos\u00e9 Antonio Kast, emiti\u00f3 este martes un mensaje dirigido a los l\u00edderes de los pa\u00edses de la regi\u00f3n para crear un corredor humanitario que permita a los migrantes irregulares, particularmente venezolanos, volver a sus naciones a pesar de no tener documentos.&nbsp;<\/p>\n\n\n\n<p>&#8220;Hay una situaci\u00f3n compleja de las personas que quieren volver a Venezuela, donde las fronteras no siempre est\u00e1n abiertas para sus propios residentes, y eso implica coordinarse para crear un corredor humanitario&#8221;, se\u00f1al\u00f3 Kast en conferencia de prensa\u200b\u200b\u200b.<\/p>\n\n\n\n<p>El mandatario electo explic\u00f3 que hay miles de ciudadanos venezolanos en la frontera norte de Chile intentando volver a su pa\u00eds, quienes no han podido salir debido a que no poseen documentos de identificaci\u00f3n, lo que podr\u00eda solucionarse con un corredor abierto y controlado que pase por Per\u00fa, Ecuador, Colombia, Brasil y distintos pa\u00edses de la regi\u00f3n.&nbsp;<\/p>\n\n\n\n<p>&#8220;Hay que analizar todas las v\u00edas, puede ser terrestre, a\u00e9reo, mar\u00edtimo, pero creo que hay una buena disposici\u00f3n de los pa\u00edses para que podamos avanzar en esa l\u00ednea&#8221;, asegur\u00f3.&nbsp;<\/p>\n\n\n\n<p>Kast coment\u00f3 que ya se comunic\u00f3 con el presidente peruano, Jos\u00e9 Jer\u00ed, sobre este tema, y detall\u00f3 que hablar\u00e1 de lo mismo con el mandatario ecuatoriano, Daniel Noboa.&nbsp;<\/p>\n\n\n\n<p>&#8220;Pa\u00edses como Per\u00fa y Ecuador est\u00e1n en la misma situaci\u00f3n con migrantes que no pueden salir, incluso m\u00e1s grave quiz\u00e1s que la crisis que hay en Chile, por eso tenemos que unirnos todos&#8221;, a\u00f1adi\u00f3.<\/p>\n\n\n\n<p>Fuente: La <a href=\"https:\/\/www.jornada.com.mx\/noticia\/2025\/12\/23\/mundo\/presidente-electo-de-chile-propone-un-corredor-humanitario-para-migrantes-irregulares\">Jornada<\/a><\/p>\n","protected":false},"excerpt":{"rendered":"<p>El presidente electo de Chile, Jos\u00e9 Antonio Kast, emiti\u00f3 este martes un mensaje dirigido a los l\u00edderes de los pa\u00edses de la regi\u00f3n para crear un corredor humanitario que permita a los migrantes irregulares, particularmente venezolanos, volver a sus naciones a pesar de no tener documentos.&nbsp; &#8220;Hay una situaci\u00f3n compleja de las personas que quieren [&hellip;]<\/p>\n","protected":false},"author":35,"featured_media":204462,"comment_status":"open","ping_status":"open","sticky":false,"template":"","format":"standard","meta":{"_monsterinsights_skip_tracking":false,"_monsterinsights_sitenote_active":false,"_monsterinsights_sitenote_note":"","_monsterinsights_sitenote_category":0,"footnotes":""},"categories":[181],"tags":[472],"class_list":["post-204461","post","type-post","status-publish","format-standard","has-post-thumbnail","hentry","category-internacional","tag-chile","wp-image-borders"],"amp_enabled":true,"_links":{"self":[{"href":"https:\/\/nvnoticias.mx\/index.php\/wp-json\/wp\/v2\/posts\/204461","targetHints":{"allow":["GET"]}}],"collection":[{"href":"https:\/\/nvnoticias.mx\/index.php\/wp-json\/wp\/v2\/posts"}],"about":[{"href":"https:\/\/nvnoticias.mx\/index.php\/wp-json\/wp\/v2\/types\/post"}],"author":[{"embeddable":true,"href":"https:\/\/nvnoticias.mx\/index.php\/wp-json\/wp\/v2\/users\/35"}],"replies":[{"embeddable":true,"href":"https:\/\/nvnoticias.mx\/index.php\/wp-json\/wp\/v2\/comments?post=204461"}],"version-history":[{"count":4,"href":"https:\/\/nvnoticias.mx\/index.php\/wp-json\/wp\/v2\/posts\/204461\/revisions"}],"predecessor-version":[{"id":204466,"href":"https:\/\/nvnoticias.mx\/index.php\/wp-json\/wp\/v2\/posts\/204461\/revisions\/204466"}],"wp:featuredmedia":[{"embeddable":true,"href":"https:\/\/nvnoticias.mx\/index.php\/wp-json\/wp\/v2\/media\/204462"}],"wp:attachment":[{"href":"https:\/\/nvnoticias.mx\/index.php\/wp-json\/wp\/v2\/media?parent=204461"}],"wp:term":[{"taxonomy":"category","embeddable":true,"href":"https:\/\/nvnoticias.mx\/index.php\/wp-json\/wp\/v2\/categories?post=204461"},{"taxonomy":"post_tag","embeddable":true,"href":"https:\/\/nvnoticias.mx\/index.php\/wp-json\/wp\/v2\/tags?post=204461"}],"curies":[{"name":"wp","href":"https:\/\/api.w.org\/{rel}","templated":true}]}}