{"id":204350,"date":"2025-12-22T15:36:20","date_gmt":"2025-12-22T21:36:20","guid":{"rendered":"https:\/\/nvnoticias.mx\/?p=204350"},"modified":"2025-12-22T15:36:24","modified_gmt":"2025-12-22T21:36:24","slug":"eu-suspende-proyectos-de-energia-eolica-marina-por-motivos-de-seguridad-nacional","status":"publish","type":"post","link":"https:\/\/nvnoticias.mx\/index.php\/2025\/12\/22\/eu-suspende-proyectos-de-energia-eolica-marina-por-motivos-de-seguridad-nacional\/","title":{"rendered":"EU suspende proyectos de energ\u00eda e\u00f3lica marina por motivos de &#8220;seguridad nacional&#8221;"},"content":{"rendered":"\n<p>El gobierno estadunidense anunci\u00f3 el lunes la suspensi\u00f3n de los grandes proyectos de energ\u00eda e\u00f3lica marina en construcci\u00f3n en Estados Unidos por motivos de &#8220;seguridad nacional&#8221;, la \u00faltima medida adoptada por la administraci\u00f3n de Donald Trump contra las energ\u00edas renovables.<\/p>\n\n\n\n<p>El secretario del Interior de Estados Unidos, Doug Burgum, responsable entre otras cosas de los recursos naturales, declar\u00f3 la suspensi\u00f3n inmediata &#8220;de los permisos de explotaci\u00f3n de todos los grandes proyectos e\u00f3licos<em>&nbsp;offshore<\/em>&nbsp;(en mar abierto) en construcci\u00f3n en Estados Unidos&#8221; despu\u00e9s de que el Departamento de Defensa identificara &#8220;riesgos para la seguridad nacional&#8221; asociados a estas iniciativas.<\/p>\n\n\n\n<p>Estos riesgos estar\u00edan relacionados con el &#8220;movimiento de las aspas&#8221; de los aerogeneradores y con sus &#8220;torres altamente reflectantes&#8221;, que &#8220;crean interferencias en los radares&#8221;, prosigui\u00f3 en un comunicado.<\/p>\n\n\n\n<p>Cinco grandes proyectos de construcci\u00f3n de parques e\u00f3licos marinos, todos situados en el Atl\u00e1ntico frente a la costa este de Estados Unidos, se ven afectados por esta suspensi\u00f3n, que seg\u00fan el departamento busca dar tiempo a las autoridades y empresas involucradas &#8220;para evaluar la posibilidad de mitigar los riesgos&#8221; en cuesti\u00f3n.<\/p>\n\n\n\n<p>Este anuncio llega en un contexto de ataques de la administraci\u00f3n estadunidense contra las energ\u00edas renovables y, en particular, contra la e\u00f3lica.<\/p>\n\n\n\n<p>Desde su regreso al poder, Trump ha firmado una serie de decretos para frenar el avance de esta industria, entre ellos la congelaci\u00f3n de permisos de explotaci\u00f3n y de pr\u00e9stamos federales para cualquier proyecto e\u00f3lico marino o terrestre.<\/p>\n\n\n\n<p>Fuente: La <a href=\"https:\/\/www.jornada.com.mx\/noticia\/2025\/12\/22\/economia\/anuncia-gobierno-de-eu-suspension-de-proyectos-de-energia-eolica-marina\">Jornada<\/a><\/p>\n","protected":false},"excerpt":{"rendered":"<p>El gobierno estadunidense anunci\u00f3 el lunes la suspensi\u00f3n de los grandes proyectos de energ\u00eda e\u00f3lica marina en construcci\u00f3n en Estados Unidos por motivos de &#8220;seguridad nacional&#8221;, la \u00faltima medida adoptada por la administraci\u00f3n de Donald Trump contra las energ\u00edas renovables. El secretario del Interior de Estados Unidos, Doug Burgum, responsable entre otras cosas de los [&hellip;]<\/p>\n","protected":false},"author":35,"featured_media":204359,"comment_status":"open","ping_status":"open","sticky":false,"template":"","format":"standard","meta":{"_monsterinsights_skip_tracking":false,"_monsterinsights_sitenote_active":false,"_monsterinsights_sitenote_note":"","_monsterinsights_sitenote_category":0,"footnotes":""},"categories":[181],"tags":[183],"class_list":["post-204350","post","type-post","status-publish","format-standard","has-post-thumbnail","hentry","category-internacional","tag-estados-unidos","wp-image-borders"],"amp_enabled":true,"_links":{"self":[{"href":"https:\/\/nvnoticias.mx\/index.php\/wp-json\/wp\/v2\/posts\/204350","targetHints":{"allow":["GET"]}}],"collection":[{"href":"https:\/\/nvnoticias.mx\/index.php\/wp-json\/wp\/v2\/posts"}],"about":[{"href":"https:\/\/nvnoticias.mx\/index.php\/wp-json\/wp\/v2\/types\/post"}],"author":[{"embeddable":true,"href":"https:\/\/nvnoticias.mx\/index.php\/wp-json\/wp\/v2\/users\/35"}],"replies":[{"embeddable":true,"href":"https:\/\/nvnoticias.mx\/index.php\/wp-json\/wp\/v2\/comments?post=204350"}],"version-history":[{"count":5,"href":"https:\/\/nvnoticias.mx\/index.php\/wp-json\/wp\/v2\/posts\/204350\/revisions"}],"predecessor-version":[{"id":204360,"href":"https:\/\/nvnoticias.mx\/index.php\/wp-json\/wp\/v2\/posts\/204350\/revisions\/204360"}],"wp:featuredmedia":[{"embeddable":true,"href":"https:\/\/nvnoticias.mx\/index.php\/wp-json\/wp\/v2\/media\/204359"}],"wp:attachment":[{"href":"https:\/\/nvnoticias.mx\/index.php\/wp-json\/wp\/v2\/media?parent=204350"}],"wp:term":[{"taxonomy":"category","embeddable":true,"href":"https:\/\/nvnoticias.mx\/index.php\/wp-json\/wp\/v2\/categories?post=204350"},{"taxonomy":"post_tag","embeddable":true,"href":"https:\/\/nvnoticias.mx\/index.php\/wp-json\/wp\/v2\/tags?post=204350"}],"curies":[{"name":"wp","href":"https:\/\/api.w.org\/{rel}","templated":true}]}}