{"id":204344,"date":"2025-12-22T15:32:09","date_gmt":"2025-12-22T21:32:09","guid":{"rendered":"https:\/\/nvnoticias.mx\/?p=204344"},"modified":"2025-12-22T15:32:14","modified_gmt":"2025-12-22T21:32:14","slug":"veracruz-cumplira-fallo-de-la-corte-idh-por-ernestina-ascencio","status":"publish","type":"post","link":"https:\/\/nvnoticias.mx\/index.php\/2025\/12\/22\/veracruz-cumplira-fallo-de-la-corte-idh-por-ernestina-ascencio\/","title":{"rendered":"Veracruz cumplir\u00e1 fallo de la Corte IDH por Ernestina Ascencio"},"content":{"rendered":"\n<p><\/p>\n\n\n\n<p><span style=\"background-color: rgba(0, 0, 0, 0.2);\"><b>Sam<\/b><\/span><strong> Ojeda \/ NV Noticias<\/strong><\/p>\n\n\n\n<p>Xalapa.- El gobierno de Veracruz acatar\u00e1 la sentencia emitida por la Corte Interamericana de Derechos Humanos en el caso de Ernestina Ascencio Rosario y lo har\u00e1 de manera coordinada con el gobierno federal, asegur\u00f3 la gobernadora Roc\u00edo Nahle Garc\u00eda, al se\u00f1alar que se trata de un resolutivo definitivo y de cumplimiento obligatorio.<\/p>\n\n\n\n<p>La mandataria estatal indic\u00f3 que el fallo establece medidas claras y precisas que deber\u00e1n atenderse paso a paso, con acompa\u00f1amiento de instancias de derechos humanos y en di\u00e1logo directo con la familia de la v\u00edctima y las comunidades ind\u00edgenas.<\/p>\n\n\n\n<p>\u201cLa Corte Interamericana de Derechos Humanos ya es un resolutivo y se va a acatar tanto por el gobierno federal como por el gobierno del estado\u201d.<\/p>\n\n\n\n<p>Nahle Garc\u00eda sostuvo que el cumplimiento de la sentencia no est\u00e1 sujeto al tiempo transcurrido desde los hechos, al tratarse de una obligaci\u00f3n \u00e9tica y legal del Estado mexicano.<\/p>\n\n\n\n<p>\u201cNo importa que esto haya pasado tiempo atr\u00e1s, la nobleza obliga y debe de ser\u201d.<\/p>\n\n\n\n<p>Explic\u00f3 que el resolutivo contempla diversas etapas que requieren un proceso gradual, por lo que su aplicaci\u00f3n se realizar\u00e1 conforme a lo que determine la propia Corte Interamericana.<\/p>\n\n\n\n<p>\u201cEs todo un proceso, son varios pasos que est\u00e1 dictaminando la Corte y cada paso lleva su tiempo, entonces vamos a ir trabajando como lo dicten\u201d.<\/p>\n\n\n\n<p>La gobernadora confirm\u00f3 que ya existe coordinaci\u00f3n con la Secretar\u00eda de Gobernaci\u00f3n para dar cumplimiento conjunto a la sentencia entre el estado y la federaci\u00f3n, y destac\u00f3 que este trabajo se realizar\u00e1 de manera cercana con las personas directamente afectadas.<\/p>\n\n\n\n<p>\u201cVamos a salir juntos el estado y la federaci\u00f3n, y en estos temas vamos avanzando conforme los propios afectados vayan caminando con nosotros\u201d.<\/p>\n\n\n\n<p>El caso de Ernestina Ascencio Rosario, mujer ind\u00edgena n\u00e1huatl fallecida en 2007 tras haber sido v\u00edctima de violencia sexual, fue llevado al sistema interamericano ante las deficiencias en la investigaci\u00f3n y la falta de acceso efectivo a la justicia. La reciente sentencia de la Corte IDH ordena al Estado mexicano adoptar medidas de reparaci\u00f3n, investigaci\u00f3n y garant\u00edas de no repetici\u00f3n, con \u00e9nfasis en la protecci\u00f3n de los derechos de las mujeres ind\u00edgenas.<\/p>\n\n\n\n<p>Finalmente, Roc\u00edo Nahle reiter\u00f3 que Veracruz atender\u00e1 \u00edntegramente lo establecido por la Corte.<\/p>\n\n\n\n<p>\u201cPor parte del gobierno del estado de Veracruz se va a acatar la resoluci\u00f3n, igual que con la federaci\u00f3n\u201d.<br><\/p>\n\n\n\n<p><\/p>\n","protected":false},"excerpt":{"rendered":"<p>Sam Ojeda \/ NV Noticias Xalapa.- El gobierno de Veracruz acatar\u00e1 la sentencia emitida por la Corte Interamericana de Derechos Humanos en el caso de Ernestina Ascencio Rosario y lo har\u00e1 de manera coordinada con el gobierno federal, asegur\u00f3 la gobernadora Roc\u00edo Nahle Garc\u00eda, al se\u00f1alar que se trata de un resolutivo definitivo y de [&hellip;]<\/p>\n","protected":false},"author":8,"featured_media":204346,"comment_status":"open","ping_status":"open","sticky":false,"template":"","format":"standard","meta":{"_monsterinsights_skip_tracking":false,"_monsterinsights_sitenote_active":false,"_monsterinsights_sitenote_note":"","_monsterinsights_sitenote_category":0,"footnotes":""},"categories":[156],"tags":[1795,12938,32819],"class_list":["post-204344","post","type-post","status-publish","format-standard","has-post-thumbnail","hentry","category-estado","tag-ernestina-ascencio","tag-fallo","tag-idh","wp-image-borders"],"amp_enabled":true,"_links":{"self":[{"href":"https:\/\/nvnoticias.mx\/index.php\/wp-json\/wp\/v2\/posts\/204344","targetHints":{"allow":["GET"]}}],"collection":[{"href":"https:\/\/nvnoticias.mx\/index.php\/wp-json\/wp\/v2\/posts"}],"about":[{"href":"https:\/\/nvnoticias.mx\/index.php\/wp-json\/wp\/v2\/types\/post"}],"author":[{"embeddable":true,"href":"https:\/\/nvnoticias.mx\/index.php\/wp-json\/wp\/v2\/users\/8"}],"replies":[{"embeddable":true,"href":"https:\/\/nvnoticias.mx\/index.php\/wp-json\/wp\/v2\/comments?post=204344"}],"version-history":[{"count":1,"href":"https:\/\/nvnoticias.mx\/index.php\/wp-json\/wp\/v2\/posts\/204344\/revisions"}],"predecessor-version":[{"id":204347,"href":"https:\/\/nvnoticias.mx\/index.php\/wp-json\/wp\/v2\/posts\/204344\/revisions\/204347"}],"wp:featuredmedia":[{"embeddable":true,"href":"https:\/\/nvnoticias.mx\/index.php\/wp-json\/wp\/v2\/media\/204346"}],"wp:attachment":[{"href":"https:\/\/nvnoticias.mx\/index.php\/wp-json\/wp\/v2\/media?parent=204344"}],"wp:term":[{"taxonomy":"category","embeddable":true,"href":"https:\/\/nvnoticias.mx\/index.php\/wp-json\/wp\/v2\/categories?post=204344"},{"taxonomy":"post_tag","embeddable":true,"href":"https:\/\/nvnoticias.mx\/index.php\/wp-json\/wp\/v2\/tags?post=204344"}],"curies":[{"name":"wp","href":"https:\/\/api.w.org\/{rel}","templated":true}]}}