{"id":204333,"date":"2025-12-22T15:25:42","date_gmt":"2025-12-22T21:25:42","guid":{"rendered":"https:\/\/nvnoticias.mx\/?p=204333"},"modified":"2025-12-22T15:25:47","modified_gmt":"2025-12-22T21:25:47","slug":"locatarios-del-mercado-en-coatepec-piden-no-permitir-nueva-instalacion-de-informales","status":"publish","type":"post","link":"https:\/\/nvnoticias.mx\/index.php\/2025\/12\/22\/locatarios-del-mercado-en-coatepec-piden-no-permitir-nueva-instalacion-de-informales\/","title":{"rendered":"Locatarios del mercado en Coatepec piden no permitir nueva instalaci\u00f3n de informales"},"content":{"rendered":"\n<p><\/p>\n\n\n\n<p><strong>Sam Ojeda \/ NV Noticias<\/strong><\/p>\n\n\n\n<p>Xalapa.- Comerciantes del mercado Rebolledo en Coatepec pidieron a las autoridades municipales que el retiro de vendedores ambulantes realizado este lunes no sea una medida temporal .<\/p>\n\n\n\n<p>Locatarios establecidos se\u00f1alaron que la presencia de comerciantes ambulantes ha generado afectaciones econ\u00f3micas, desorden en la v\u00eda p\u00fablica y problemas de seguridad, adem\u00e1s de que temen que, con el argumento del cambio de administraci\u00f3n municipal, los vendedores regresen a ocupar los espacios.<\/p>\n\n\n\n<p>Mar\u00eda Isabel, comerciante del mercado Rebolledo, expres\u00f3 su preocupaci\u00f3n por la posibilidad de que el desalojo sea \u00fanicamente moment\u00e1neo.<\/p>\n\n\n\n<p><br>\u201cLes dieron una semana unos d\u00edas, que va a entrar nueva administraci\u00f3n, ellos se van a volver a poner entonces no tiene caso que hagan esto\u201d, dijo.<\/p>\n\n\n\n<p>La comerciante sostuvo que durante la actual administraci\u00f3n municipal se permiti\u00f3 la instalaci\u00f3n de ambulantes sin regulaci\u00f3n y con la presencia de un liderazgo que cobra cuotas.<\/p>\n\n\n\n<p><br>\u201cEntr\u00f3 esta administraci\u00f3n y se empezaron a poner y nadie dijo nada, hay una persona y pues tiene el cobro de piso. Hay un l\u00edder que no deber\u00eda de ser ahorita\u201d, afirm\u00f3.<\/p>\n\n\n\n<p>A\u00f1adi\u00f3 que muchos de los vendedores no eran originarios de Coatepec y que su llegada coincidi\u00f3 con hechos de inseguridad.<\/p>\n\n\n\n<p><br>\u201cLos comerciantes no eran de Coatepec, hab\u00eda robo de carteras, no sab\u00edamos qui\u00e9nes eran comerciantes y qui\u00e9nes eran delincuentes\u201d, se\u00f1al\u00f3.<\/p>\n","protected":false},"excerpt":{"rendered":"<p>Sam Ojeda \/ NV Noticias Xalapa.- Comerciantes del mercado Rebolledo en Coatepec pidieron a las autoridades municipales que el retiro de vendedores ambulantes realizado este lunes no sea una medida temporal . Locatarios establecidos se\u00f1alaron que la presencia de comerciantes ambulantes ha generado afectaciones econ\u00f3micas, desorden en la v\u00eda p\u00fablica y problemas de seguridad, adem\u00e1s [&hellip;]<\/p>\n","protected":false},"author":8,"featured_media":204334,"comment_status":"open","ping_status":"open","sticky":false,"template":"","format":"standard","meta":{"_monsterinsights_skip_tracking":false,"_monsterinsights_sitenote_active":false,"_monsterinsights_sitenote_note":"","_monsterinsights_sitenote_category":0,"footnotes":""},"categories":[156],"tags":[2012,564,468],"class_list":["post-204333","post","type-post","status-publish","format-standard","has-post-thumbnail","hentry","category-estado","tag-coatepec","tag-comerciantes","tag-mercado","wp-image-borders"],"amp_enabled":true,"_links":{"self":[{"href":"https:\/\/nvnoticias.mx\/index.php\/wp-json\/wp\/v2\/posts\/204333","targetHints":{"allow":["GET"]}}],"collection":[{"href":"https:\/\/nvnoticias.mx\/index.php\/wp-json\/wp\/v2\/posts"}],"about":[{"href":"https:\/\/nvnoticias.mx\/index.php\/wp-json\/wp\/v2\/types\/post"}],"author":[{"embeddable":true,"href":"https:\/\/nvnoticias.mx\/index.php\/wp-json\/wp\/v2\/users\/8"}],"replies":[{"embeddable":true,"href":"https:\/\/nvnoticias.mx\/index.php\/wp-json\/wp\/v2\/comments?post=204333"}],"version-history":[{"count":1,"href":"https:\/\/nvnoticias.mx\/index.php\/wp-json\/wp\/v2\/posts\/204333\/revisions"}],"predecessor-version":[{"id":204335,"href":"https:\/\/nvnoticias.mx\/index.php\/wp-json\/wp\/v2\/posts\/204333\/revisions\/204335"}],"wp:featuredmedia":[{"embeddable":true,"href":"https:\/\/nvnoticias.mx\/index.php\/wp-json\/wp\/v2\/media\/204334"}],"wp:attachment":[{"href":"https:\/\/nvnoticias.mx\/index.php\/wp-json\/wp\/v2\/media?parent=204333"}],"wp:term":[{"taxonomy":"category","embeddable":true,"href":"https:\/\/nvnoticias.mx\/index.php\/wp-json\/wp\/v2\/categories?post=204333"},{"taxonomy":"post_tag","embeddable":true,"href":"https:\/\/nvnoticias.mx\/index.php\/wp-json\/wp\/v2\/tags?post=204333"}],"curies":[{"name":"wp","href":"https:\/\/api.w.org\/{rel}","templated":true}]}}