{"id":204331,"date":"2025-12-22T15:29:36","date_gmt":"2025-12-22T21:29:36","guid":{"rendered":"https:\/\/nvnoticias.mx\/?p=204331"},"modified":"2025-12-22T15:29:41","modified_gmt":"2025-12-22T21:29:41","slug":"maduro-manda-cartas-a-gobiernos-de-al-y-a-la-onu","status":"publish","type":"post","link":"https:\/\/nvnoticias.mx\/index.php\/2025\/12\/22\/maduro-manda-cartas-a-gobiernos-de-al-y-a-la-onu\/","title":{"rendered":"Maduro manda cartas a gobiernos de AL y a la ONU"},"content":{"rendered":"\n<p>El presidente de Venezuela, Nicol\u00e1s Maduro, envi\u00f3 una carta a todos los jefes de Estado y de gobierno de Am\u00e9rica Latina y el Caribe, as\u00ed como a todos los pa\u00edses que integran el sistema de la Organizaci\u00f3n de Naciones Unidas (ONU), para alertar sobre \u201cuna escalada de agresiones de extrema gravedad por parte del gobierno de los Estados Unidos de Norteam\u00e9rica\u201d.<\/p>\n\n\n\n<p>Maduro advierte que los efectos de estas acciones trascienden a Venezuela y amenazan con desestabilizar a toda la regi\u00f3n y al sistema internacional en su conjunto.<\/p>\n\n\n\n<p>Fuente: La <a href=\"https:\/\/www.jornada.com.mx\/noticia\/2025\/12\/22\/mundo\/nicolas-maduro-alerta-sobre-escalada-de-agresiones-de-extrema-gravedad-de-eu\">Jornada<\/a> <\/p>\n","protected":false},"excerpt":{"rendered":"<p>El presidente de Venezuela, Nicol\u00e1s Maduro, envi\u00f3 una carta a todos los jefes de Estado y de gobierno de Am\u00e9rica Latina y el Caribe, as\u00ed como a todos los pa\u00edses que integran el sistema de la Organizaci\u00f3n de Naciones Unidas (ONU), para alertar sobre \u201cuna escalada de agresiones de extrema gravedad por parte del gobierno [&hellip;]<\/p>\n","protected":false},"author":35,"featured_media":204337,"comment_status":"open","ping_status":"open","sticky":false,"template":"","format":"standard","meta":{"_monsterinsights_skip_tracking":false,"_monsterinsights_sitenote_active":false,"_monsterinsights_sitenote_note":"","_monsterinsights_sitenote_category":0,"footnotes":""},"categories":[181],"tags":[1505],"class_list":["post-204331","post","type-post","status-publish","format-standard","has-post-thumbnail","hentry","category-internacional","tag-nicolas-maduro","wp-image-borders"],"amp_enabled":true,"_links":{"self":[{"href":"https:\/\/nvnoticias.mx\/index.php\/wp-json\/wp\/v2\/posts\/204331","targetHints":{"allow":["GET"]}}],"collection":[{"href":"https:\/\/nvnoticias.mx\/index.php\/wp-json\/wp\/v2\/posts"}],"about":[{"href":"https:\/\/nvnoticias.mx\/index.php\/wp-json\/wp\/v2\/types\/post"}],"author":[{"embeddable":true,"href":"https:\/\/nvnoticias.mx\/index.php\/wp-json\/wp\/v2\/users\/35"}],"replies":[{"embeddable":true,"href":"https:\/\/nvnoticias.mx\/index.php\/wp-json\/wp\/v2\/comments?post=204331"}],"version-history":[{"count":3,"href":"https:\/\/nvnoticias.mx\/index.php\/wp-json\/wp\/v2\/posts\/204331\/revisions"}],"predecessor-version":[{"id":204342,"href":"https:\/\/nvnoticias.mx\/index.php\/wp-json\/wp\/v2\/posts\/204331\/revisions\/204342"}],"wp:featuredmedia":[{"embeddable":true,"href":"https:\/\/nvnoticias.mx\/index.php\/wp-json\/wp\/v2\/media\/204337"}],"wp:attachment":[{"href":"https:\/\/nvnoticias.mx\/index.php\/wp-json\/wp\/v2\/media?parent=204331"}],"wp:term":[{"taxonomy":"category","embeddable":true,"href":"https:\/\/nvnoticias.mx\/index.php\/wp-json\/wp\/v2\/categories?post=204331"},{"taxonomy":"post_tag","embeddable":true,"href":"https:\/\/nvnoticias.mx\/index.php\/wp-json\/wp\/v2\/tags?post=204331"}],"curies":[{"name":"wp","href":"https:\/\/api.w.org\/{rel}","templated":true}]}}