{"id":204084,"date":"2025-12-19T11:23:45","date_gmt":"2025-12-19T17:23:45","guid":{"rendered":"https:\/\/nvnoticias.mx\/?p=204084"},"modified":"2025-12-19T11:23:50","modified_gmt":"2025-12-19T17:23:50","slug":"aranceles-van-por-el-desarrollo-nacional-no-por-enemistad-con-algun-pais-sheinbaum","status":"publish","type":"post","link":"https:\/\/nvnoticias.mx\/index.php\/2025\/12\/19\/aranceles-van-por-el-desarrollo-nacional-no-por-enemistad-con-algun-pais-sheinbaum\/","title":{"rendered":"Aranceles van por el desarrollo nacional, no por enemistad con alg\u00fan pa\u00eds: Sheinbaum"},"content":{"rendered":"\n<p>No queremos provocar inflaci\u00f3n y \u201cno queremos enemistarnos con ning\u00fan pa\u00eds, con ning\u00fan pueblo, con ning\u00fan gobierno\u201d por el paquete de aranceles que M\u00e9xico aplicar\u00e1 a partir del primero de enero de 2026 a las naciones con las que no tiene acuerdos comerciales, pero \u201cbuscamos el desarrollo nacional dentro del Plan M\u00e9xico\u201d, afirm\u00f3 la presidenta Claudia Sheinbaum Pardo.<\/p>\n\n\n\n<p>\u201cNosotros hicimos una propuesta y dijimos que se abra un espacio de trabajo, sobre todo con los peque\u00f1os y medianos empresarios, porque muchos utilizan insumos que vienen de otros pa\u00edses con lo que no tenemos tratado comercial\u201d.<\/p>\n\n\n\n<p>Entonces, \u201cno queremos ni provocar inflaci\u00f3n, que aumenten los precios por estos impuestos, ni tampoco generar un problema de que ya no se vayan a producir productos en M\u00e9xico, porque traen insumos de estos pa\u00edses con los que no tenemos tratado\u201d.<\/p>\n\n\n\n<p>Manifest\u00f3 que la Secretar\u00eda de Econom\u00eda tiene distintos esquemas \u201cpara poder reducir estos impuestos o poner tiempos u otras consideraciones, todo dentro del marco de la ley. No hay nada que sea subjetivo o alguna ocurrencia.<\/p>\n\n\n\n<p>En su conferencia de prensa, resalt\u00f3 que el Plan M\u00e9xico que est\u00e1 dando resultados y por primera vez, sostuvo, en el sector textil \u201cempez\u00f3 a cambiar un poquito la curva en t\u00e9rminos de la disminuci\u00f3n de importaciones y aumento en la producci\u00f3n nacional\u201d.<\/p>\n\n\n\n<p>Sostuvo que con la India, China, y Corea del Sur \u201chay mesas de trabajo\u201d y a pregunta expresa sobre si buscar\u00eda un acuerdo comercial con ellos, respondi\u00f3: \u201cpues no s\u00e9 si un tratado, un acuerdo comercial, alg\u00fan esquema, pues no queremos enemistarnos con ning\u00fan pa\u00eds, con ning\u00fan pueblo, con ning\u00fan gobierno\u201d.<\/p>\n\n\n\n<p>Fuente: La <a href=\"https:\/\/www.jornada.com.mx\/noticia\/2025\/12\/19\/economia\/paquete-de-aranceles-va-por-el-desarrollo-nacional-no-por-inflacion-ni-enemistad-sheinbaum\">Jornada<\/a> <\/p>\n","protected":false},"excerpt":{"rendered":"<p>No queremos provocar inflaci\u00f3n y \u201cno queremos enemistarnos con ning\u00fan pa\u00eds, con ning\u00fan pueblo, con ning\u00fan gobierno\u201d por el paquete de aranceles que M\u00e9xico aplicar\u00e1 a partir del primero de enero de 2026 a las naciones con las que no tiene acuerdos comerciales, pero \u201cbuscamos el desarrollo nacional dentro del Plan M\u00e9xico\u201d, afirm\u00f3 la presidenta [&hellip;]<\/p>\n","protected":false},"author":35,"featured_media":204087,"comment_status":"open","ping_status":"open","sticky":false,"template":"","format":"standard","meta":{"_monsterinsights_skip_tracking":false,"_monsterinsights_sitenote_active":false,"_monsterinsights_sitenote_note":"","_monsterinsights_sitenote_category":0,"footnotes":""},"categories":[158],"tags":[2801],"class_list":["post-204084","post","type-post","status-publish","format-standard","has-post-thumbnail","hentry","category-politica","tag-claudia-sheinbaum","wp-image-borders"],"amp_enabled":true,"_links":{"self":[{"href":"https:\/\/nvnoticias.mx\/index.php\/wp-json\/wp\/v2\/posts\/204084","targetHints":{"allow":["GET"]}}],"collection":[{"href":"https:\/\/nvnoticias.mx\/index.php\/wp-json\/wp\/v2\/posts"}],"about":[{"href":"https:\/\/nvnoticias.mx\/index.php\/wp-json\/wp\/v2\/types\/post"}],"author":[{"embeddable":true,"href":"https:\/\/nvnoticias.mx\/index.php\/wp-json\/wp\/v2\/users\/35"}],"replies":[{"embeddable":true,"href":"https:\/\/nvnoticias.mx\/index.php\/wp-json\/wp\/v2\/comments?post=204084"}],"version-history":[{"count":3,"href":"https:\/\/nvnoticias.mx\/index.php\/wp-json\/wp\/v2\/posts\/204084\/revisions"}],"predecessor-version":[{"id":204088,"href":"https:\/\/nvnoticias.mx\/index.php\/wp-json\/wp\/v2\/posts\/204084\/revisions\/204088"}],"wp:featuredmedia":[{"embeddable":true,"href":"https:\/\/nvnoticias.mx\/index.php\/wp-json\/wp\/v2\/media\/204087"}],"wp:attachment":[{"href":"https:\/\/nvnoticias.mx\/index.php\/wp-json\/wp\/v2\/media?parent=204084"}],"wp:term":[{"taxonomy":"category","embeddable":true,"href":"https:\/\/nvnoticias.mx\/index.php\/wp-json\/wp\/v2\/categories?post=204084"},{"taxonomy":"post_tag","embeddable":true,"href":"https:\/\/nvnoticias.mx\/index.php\/wp-json\/wp\/v2\/tags?post=204084"}],"curies":[{"name":"wp","href":"https:\/\/api.w.org\/{rel}","templated":true}]}}