{"id":203980,"date":"2025-12-18T11:30:34","date_gmt":"2025-12-18T17:30:34","guid":{"rendered":"https:\/\/nvnoticias.mx\/?p=203980"},"modified":"2025-12-18T11:30:39","modified_gmt":"2025-12-18T17:30:39","slug":"maria-amparo-casar-agradece-apoyo-tras-acusacion-penal-por-ejercer-libertad-de-expresion","status":"publish","type":"post","link":"https:\/\/nvnoticias.mx\/index.php\/2025\/12\/18\/maria-amparo-casar-agradece-apoyo-tras-acusacion-penal-por-ejercer-libertad-de-expresion\/","title":{"rendered":"Mar\u00eda Amparo Casar agradece apoyo tras acusaci\u00f3n penal por \u201cejercer libertad de expresi\u00f3n\u201d"},"content":{"rendered":"\n<p>Mar\u00eda Amparo Casar\u00a0agradeci\u00f3 p\u00fablicamente el respaldo y la solidaridad que ha recibido en medio del proceso legal que enfrenta.<a href=\"https:\/\/www.infobae.com\/mexico\/2025\/12\/18\/que-implica-la-ley-esposa-y-por-que-morena-se-opone-a-ella\/\" target=\"_blank\" rel=\"noreferrer noopener\"><\/a><\/p>\n\n\n\n<p>La presidenta de&nbsp;<strong>Mexicanos Contra la Corrupci\u00f3n y la Impunidad (MCCI)<\/strong>&nbsp;es investigada por la&nbsp;<strong>Fiscal\u00eda General de la Rep\u00fablica (FGR)&nbsp;<\/strong>por un presunto delito, sin que hasta ahora se haya cerrado la indagatoria.<\/p>\n\n\n\n<p>El mensaje de agradecimiento se difundi\u00f3 luego de que la audiencia inicial en su contra fuera\u00a0<strong>suspendida<\/strong>\u00a0y el caso quedara temporalmente en pausa.<a href=\"https:\/\/www.infobae.com\/mexico\/2025\/12\/18\/la-impresionante-foto-de-boda-de-angela-aguilar-y-christian-nodal-que-adorna-la-entrada-de-su-casa\/\" target=\"_blank\" rel=\"noreferrer noopener\"><\/a><\/p>\n\n\n\n<p>A trav\u00e9s de su cuenta en X, Casar expres\u00f3 su&nbsp;<strong>reconocimiento<\/strong>&nbsp;a quienes se han pronunciado en su favor tras conocerse la judicializaci\u00f3n del caso.&nbsp;<\/p>\n\n\n\n<p>\u201cAgradezco a todos ustedes el inmenso apoyo y solidaridad para conmigo \u201d, escribi\u00f3.<\/p>\n\n\n\n<p>Fuente: <a href=\"https:\/\/www.infobae.com\/mexico\/2025\/12\/17\/maria-amparo-casar-agradece-apoyo-tras-acusacion-penal-por-ejercer-libertad-de-expresion\/\">Infobae<\/a><\/p>\n","protected":false},"excerpt":{"rendered":"<p>Mar\u00eda Amparo Casar\u00a0agradeci\u00f3 p\u00fablicamente el respaldo y la solidaridad que ha recibido en medio del proceso legal que enfrenta. La presidenta de&nbsp;Mexicanos Contra la Corrupci\u00f3n y la Impunidad (MCCI)&nbsp;es investigada por la&nbsp;Fiscal\u00eda General de la Rep\u00fablica (FGR)&nbsp;por un presunto delito, sin que hasta ahora se haya cerrado la indagatoria. El mensaje de agradecimiento se difundi\u00f3 [&hellip;]<\/p>\n","protected":false},"author":35,"featured_media":203985,"comment_status":"open","ping_status":"open","sticky":false,"template":"","format":"standard","meta":{"_monsterinsights_skip_tracking":false,"_monsterinsights_sitenote_active":false,"_monsterinsights_sitenote_note":"","_monsterinsights_sitenote_category":0,"footnotes":""},"categories":[157],"tags":[29977],"class_list":["post-203980","post","type-post","status-publish","format-standard","has-post-thumbnail","hentry","category-nacional","tag-maria-amparo-casar","wp-image-borders"],"amp_enabled":true,"_links":{"self":[{"href":"https:\/\/nvnoticias.mx\/index.php\/wp-json\/wp\/v2\/posts\/203980","targetHints":{"allow":["GET"]}}],"collection":[{"href":"https:\/\/nvnoticias.mx\/index.php\/wp-json\/wp\/v2\/posts"}],"about":[{"href":"https:\/\/nvnoticias.mx\/index.php\/wp-json\/wp\/v2\/types\/post"}],"author":[{"embeddable":true,"href":"https:\/\/nvnoticias.mx\/index.php\/wp-json\/wp\/v2\/users\/35"}],"replies":[{"embeddable":true,"href":"https:\/\/nvnoticias.mx\/index.php\/wp-json\/wp\/v2\/comments?post=203980"}],"version-history":[{"count":5,"href":"https:\/\/nvnoticias.mx\/index.php\/wp-json\/wp\/v2\/posts\/203980\/revisions"}],"predecessor-version":[{"id":203986,"href":"https:\/\/nvnoticias.mx\/index.php\/wp-json\/wp\/v2\/posts\/203980\/revisions\/203986"}],"wp:featuredmedia":[{"embeddable":true,"href":"https:\/\/nvnoticias.mx\/index.php\/wp-json\/wp\/v2\/media\/203985"}],"wp:attachment":[{"href":"https:\/\/nvnoticias.mx\/index.php\/wp-json\/wp\/v2\/media?parent=203980"}],"wp:term":[{"taxonomy":"category","embeddable":true,"href":"https:\/\/nvnoticias.mx\/index.php\/wp-json\/wp\/v2\/categories?post=203980"},{"taxonomy":"post_tag","embeddable":true,"href":"https:\/\/nvnoticias.mx\/index.php\/wp-json\/wp\/v2\/tags?post=203980"}],"curies":[{"name":"wp","href":"https:\/\/api.w.org\/{rel}","templated":true}]}}