{"id":203912,"date":"2025-12-17T15:26:23","date_gmt":"2025-12-17T21:26:23","guid":{"rendered":"https:\/\/nvnoticias.mx\/?p=203912"},"modified":"2025-12-17T15:26:27","modified_gmt":"2025-12-17T21:26:27","slug":"sheinbaum-reforma-ley-de-ascensos-en-la-armada-para-garantizar-igualdad-de-genero","status":"publish","type":"post","link":"https:\/\/nvnoticias.mx\/index.php\/2025\/12\/17\/sheinbaum-reforma-ley-de-ascensos-en-la-armada-para-garantizar-igualdad-de-genero\/","title":{"rendered":"Sheinbaum reforma Ley de Ascensos en la Armada para garantizar igualdad de g\u00e9nero"},"content":{"rendered":"\n<p>La presidenta Claudia Sheinbaum Pardo firm\u00f3 un decreto por el cual se modifica la Ley de Ascensos de la Armada de M\u00e9xico, que tiene como finalidad que se otorguen &#8220;igualdad de oportunidades entre mujeres y hombres&#8221; en cuanto a las promociones que se establecen y a trav\u00e9s de las cuales &#8220;el Mando promueve al personal militar en servicio activo al grado superior en el orden jer\u00e1rquico dentro de la escala que fija la Ley Org\u00e1nica&#8221; de la instituci\u00f3n naval.<\/p>\n\n\n\n<p>El ordenamiento mantiene el art\u00edculo segundo de la Ley de Ascensos que establece que es &#8220;facultad del Mando Supremo ascender al personal de Vicealmirantes, Contralmirantes, Capitanes de Nav\u00edo y Capitanes de Fragata&#8221;.<\/p>\n\n\n\n<p>En tanto, se dispone que cuando &#8220;se obtenga un ascenso por m\u00e9ritos especiales o por las causas establecidas para tiempo de guerra, el personal ascendido deber\u00e1 cumplir con lo previsto&#8221; en la norma y que el Alto Mando ordenar\u00e1 a la Jefatura de Operaciones Navales y a la unidad administrativa correspondiente, la formulaci\u00f3n anual del escalaf\u00f3n del personal de Almirantes, Capitanes y Oficiales de la milicia permanente, as\u00ed como de la milicia auxiliar.<\/p>\n\n\n\n<p>Los \u00f3rganos asesores para el proceso de ascensos ser\u00e1n la Jefatura de Operaciones Navales y la Comisi\u00f3n Coordinadora para Ascensos en t\u00e9rminos de las disposiciones aplicables.<\/p>\n\n\n\n<p>Asimismo, se se\u00f1ala que los ascensos en tiempo de paz tienen por objeto cubrir las vacantes de la Armada de M\u00e9xico con personal apto e id\u00f3neo para desempe\u00f1ar las labores del grado inmediato superior, los cuales se determinar\u00e1n en la promoci\u00f3n general regulada en el Reglamento&#8221; de la Ley de Ascensos.<\/p>\n\n\n\n<p><\/p>\n","protected":false},"excerpt":{"rendered":"<p>La presidenta Claudia Sheinbaum Pardo firm\u00f3 un decreto por el cual se modifica la Ley de Ascensos de la Armada de M\u00e9xico, que tiene como finalidad que se otorguen &#8220;igualdad de oportunidades entre mujeres y hombres&#8221; en cuanto a las promociones que se establecen y a trav\u00e9s de las cuales &#8220;el Mando promueve al personal [&hellip;]<\/p>\n","protected":false},"author":35,"featured_media":203914,"comment_status":"open","ping_status":"open","sticky":false,"template":"","format":"standard","meta":{"_monsterinsights_skip_tracking":false,"_monsterinsights_sitenote_active":false,"_monsterinsights_sitenote_note":"","_monsterinsights_sitenote_category":0,"footnotes":""},"categories":[158],"tags":[2801],"class_list":["post-203912","post","type-post","status-publish","format-standard","has-post-thumbnail","hentry","category-politica","tag-claudia-sheinbaum","wp-image-borders"],"amp_enabled":true,"_links":{"self":[{"href":"https:\/\/nvnoticias.mx\/index.php\/wp-json\/wp\/v2\/posts\/203912","targetHints":{"allow":["GET"]}}],"collection":[{"href":"https:\/\/nvnoticias.mx\/index.php\/wp-json\/wp\/v2\/posts"}],"about":[{"href":"https:\/\/nvnoticias.mx\/index.php\/wp-json\/wp\/v2\/types\/post"}],"author":[{"embeddable":true,"href":"https:\/\/nvnoticias.mx\/index.php\/wp-json\/wp\/v2\/users\/35"}],"replies":[{"embeddable":true,"href":"https:\/\/nvnoticias.mx\/index.php\/wp-json\/wp\/v2\/comments?post=203912"}],"version-history":[{"count":2,"href":"https:\/\/nvnoticias.mx\/index.php\/wp-json\/wp\/v2\/posts\/203912\/revisions"}],"predecessor-version":[{"id":203915,"href":"https:\/\/nvnoticias.mx\/index.php\/wp-json\/wp\/v2\/posts\/203912\/revisions\/203915"}],"wp:featuredmedia":[{"embeddable":true,"href":"https:\/\/nvnoticias.mx\/index.php\/wp-json\/wp\/v2\/media\/203914"}],"wp:attachment":[{"href":"https:\/\/nvnoticias.mx\/index.php\/wp-json\/wp\/v2\/media?parent=203912"}],"wp:term":[{"taxonomy":"category","embeddable":true,"href":"https:\/\/nvnoticias.mx\/index.php\/wp-json\/wp\/v2\/categories?post=203912"},{"taxonomy":"post_tag","embeddable":true,"href":"https:\/\/nvnoticias.mx\/index.php\/wp-json\/wp\/v2\/tags?post=203912"}],"curies":[{"name":"wp","href":"https:\/\/api.w.org\/{rel}","templated":true}]}}