{"id":203871,"date":"2025-12-17T11:50:58","date_gmt":"2025-12-17T17:50:58","guid":{"rendered":"https:\/\/nvnoticias.mx\/?p=203871"},"modified":"2025-12-17T11:51:02","modified_gmt":"2025-12-17T17:51:02","slug":"se-suspende-servicio-de-limpia-publica-25-de-diciembre-y-1-de-enero","status":"publish","type":"post","link":"https:\/\/nvnoticias.mx\/index.php\/2025\/12\/17\/se-suspende-servicio-de-limpia-publica-25-de-diciembre-y-1-de-enero\/","title":{"rendered":"Se suspende servicio de Limpia P\u00fablica 25 de diciembre y 1 de enero"},"content":{"rendered":"\n<p>Xalapa, Ver.- El Ayuntamiento de Xalapa, a trav\u00e9s de la Direcci\u00f3n de Limpia P\u00fablica, informa a la ciudadan\u00eda que por ser d\u00edas inh\u00e1biles, el pr\u00f3ximo 25 de diciembre y 1 de enero se suspender\u00e1 el servicio de recolecci\u00f3n de residuos s\u00f3lidos.<\/p>\n\n\n\n<p>Para no afectar la imagen urbana y prevenir problemas de salud p\u00fablica, se exhorta a la poblaci\u00f3n a no sacar los desechos a las calles. El servicio se reanudar\u00e1 con sus rutas y horarios habituales el 26 de diciembre y 2 de enero.<\/p>\n\n\n\n<figure class=\"wp-block-image size-large\"><img loading=\"lazy\" decoding=\"async\" width=\"1024\" height=\"858\" src=\"https:\/\/nvnoticias.mx\/wp-content\/uploads\/2025\/12\/0eb6caf1-47a2-45c1-bf31-177692498020-1-1024x858.jpeg\" alt=\"\" class=\"wp-image-203875\" srcset=\"https:\/\/nvnoticias.mx\/wp-content\/uploads\/2025\/12\/0eb6caf1-47a2-45c1-bf31-177692498020-1-1024x858.jpeg 1024w, https:\/\/nvnoticias.mx\/wp-content\/uploads\/2025\/12\/0eb6caf1-47a2-45c1-bf31-177692498020-1-300x251.jpeg 300w, https:\/\/nvnoticias.mx\/wp-content\/uploads\/2025\/12\/0eb6caf1-47a2-45c1-bf31-177692498020-1-768x644.jpeg 768w, https:\/\/nvnoticias.mx\/wp-content\/uploads\/2025\/12\/0eb6caf1-47a2-45c1-bf31-177692498020-1.jpeg 1280w\" sizes=\"auto, (max-width: 1024px) 100vw, 1024px\" \/><\/figure>\n","protected":false},"excerpt":{"rendered":"<p>Xalapa, Ver.- El Ayuntamiento de Xalapa, a trav\u00e9s de la Direcci\u00f3n de Limpia P\u00fablica, informa a la ciudadan\u00eda que por ser d\u00edas inh\u00e1biles, el pr\u00f3ximo 25 de diciembre y 1 de enero se suspender\u00e1 el servicio de recolecci\u00f3n de residuos s\u00f3lidos. Para no afectar la imagen urbana y prevenir problemas de salud p\u00fablica, se exhorta [&hellip;]<\/p>\n","protected":false},"author":35,"featured_media":203874,"comment_status":"open","ping_status":"open","sticky":false,"template":"","format":"standard","meta":{"_monsterinsights_skip_tracking":false,"_monsterinsights_sitenote_active":false,"_monsterinsights_sitenote_note":"","_monsterinsights_sitenote_category":0,"footnotes":""},"categories":[156],"tags":[2762],"class_list":["post-203871","post","type-post","status-publish","format-standard","has-post-thumbnail","hentry","category-estado","tag-limpia-publica","wp-image-borders"],"amp_enabled":true,"_links":{"self":[{"href":"https:\/\/nvnoticias.mx\/index.php\/wp-json\/wp\/v2\/posts\/203871","targetHints":{"allow":["GET"]}}],"collection":[{"href":"https:\/\/nvnoticias.mx\/index.php\/wp-json\/wp\/v2\/posts"}],"about":[{"href":"https:\/\/nvnoticias.mx\/index.php\/wp-json\/wp\/v2\/types\/post"}],"author":[{"embeddable":true,"href":"https:\/\/nvnoticias.mx\/index.php\/wp-json\/wp\/v2\/users\/35"}],"replies":[{"embeddable":true,"href":"https:\/\/nvnoticias.mx\/index.php\/wp-json\/wp\/v2\/comments?post=203871"}],"version-history":[{"count":2,"href":"https:\/\/nvnoticias.mx\/index.php\/wp-json\/wp\/v2\/posts\/203871\/revisions"}],"predecessor-version":[{"id":203876,"href":"https:\/\/nvnoticias.mx\/index.php\/wp-json\/wp\/v2\/posts\/203871\/revisions\/203876"}],"wp:featuredmedia":[{"embeddable":true,"href":"https:\/\/nvnoticias.mx\/index.php\/wp-json\/wp\/v2\/media\/203874"}],"wp:attachment":[{"href":"https:\/\/nvnoticias.mx\/index.php\/wp-json\/wp\/v2\/media?parent=203871"}],"wp:term":[{"taxonomy":"category","embeddable":true,"href":"https:\/\/nvnoticias.mx\/index.php\/wp-json\/wp\/v2\/categories?post=203871"},{"taxonomy":"post_tag","embeddable":true,"href":"https:\/\/nvnoticias.mx\/index.php\/wp-json\/wp\/v2\/tags?post=203871"}],"curies":[{"name":"wp","href":"https:\/\/api.w.org\/{rel}","templated":true}]}}