{"id":203727,"date":"2025-12-16T10:49:28","date_gmt":"2025-12-16T16:49:28","guid":{"rendered":"https:\/\/nvnoticias.mx\/?p=203727"},"modified":"2025-12-16T10:49:32","modified_gmt":"2025-12-16T16:49:32","slug":"lamenta-sheinbaum-fatal-accidente-aereo-en-toluca","status":"publish","type":"post","link":"https:\/\/nvnoticias.mx\/index.php\/2025\/12\/16\/lamenta-sheinbaum-fatal-accidente-aereo-en-toluca\/","title":{"rendered":"Lamenta Sheinbaum fatal accidente a\u00e9reo en Toluca\u00a0"},"content":{"rendered":"\n<p>La presidenta Claudia Sheinbaum lament\u00f3 el accidente que se registr\u00f3 con una aeronave cerca del Aeropuerto de Toluca en la que falleci\u00f3 una familia.&nbsp;<\/p>\n\n\n\n<p>Se\u00f1al\u00f3 que corresponder\u00e1 a la Fiscal\u00eda General de la Rep\u00fablica la investigaci\u00f3n para determinar las causas de la ca\u00edda. Sin embargo, coment\u00f3 que en un principio al parecer fue una falla t\u00e9cnica pero se tendr\u00eda que verificar.<\/p>\n\n\n\n<p>Fuente: La <a href=\"https:\/\/www.jornada.com.mx\/noticia\/2025\/12\/16\/estados\/lamenta-sheinbaum-fatal-accidente-aereo-en-toluca\">Jornada<\/a><\/p>\n","protected":false},"excerpt":{"rendered":"<p>La presidenta Claudia Sheinbaum lament\u00f3 el accidente que se registr\u00f3 con una aeronave cerca del Aeropuerto de Toluca en la que falleci\u00f3 una familia.&nbsp; Se\u00f1al\u00f3 que corresponder\u00e1 a la Fiscal\u00eda General de la Rep\u00fablica la investigaci\u00f3n para determinar las causas de la ca\u00edda. Sin embargo, coment\u00f3 que en un principio al parecer fue una falla [&hellip;]<\/p>\n","protected":false},"author":35,"featured_media":203728,"comment_status":"open","ping_status":"open","sticky":false,"template":"","format":"standard","meta":{"_monsterinsights_skip_tracking":false,"_monsterinsights_sitenote_active":false,"_monsterinsights_sitenote_note":"","_monsterinsights_sitenote_category":0,"footnotes":""},"categories":[157],"tags":[2801,1934],"class_list":["post-203727","post","type-post","status-publish","format-standard","has-post-thumbnail","hentry","category-nacional","tag-claudia-sheinbaum","tag-toluca","wp-image-borders"],"amp_enabled":true,"_links":{"self":[{"href":"https:\/\/nvnoticias.mx\/index.php\/wp-json\/wp\/v2\/posts\/203727","targetHints":{"allow":["GET"]}}],"collection":[{"href":"https:\/\/nvnoticias.mx\/index.php\/wp-json\/wp\/v2\/posts"}],"about":[{"href":"https:\/\/nvnoticias.mx\/index.php\/wp-json\/wp\/v2\/types\/post"}],"author":[{"embeddable":true,"href":"https:\/\/nvnoticias.mx\/index.php\/wp-json\/wp\/v2\/users\/35"}],"replies":[{"embeddable":true,"href":"https:\/\/nvnoticias.mx\/index.php\/wp-json\/wp\/v2\/comments?post=203727"}],"version-history":[{"count":3,"href":"https:\/\/nvnoticias.mx\/index.php\/wp-json\/wp\/v2\/posts\/203727\/revisions"}],"predecessor-version":[{"id":203731,"href":"https:\/\/nvnoticias.mx\/index.php\/wp-json\/wp\/v2\/posts\/203727\/revisions\/203731"}],"wp:featuredmedia":[{"embeddable":true,"href":"https:\/\/nvnoticias.mx\/index.php\/wp-json\/wp\/v2\/media\/203728"}],"wp:attachment":[{"href":"https:\/\/nvnoticias.mx\/index.php\/wp-json\/wp\/v2\/media?parent=203727"}],"wp:term":[{"taxonomy":"category","embeddable":true,"href":"https:\/\/nvnoticias.mx\/index.php\/wp-json\/wp\/v2\/categories?post=203727"},{"taxonomy":"post_tag","embeddable":true,"href":"https:\/\/nvnoticias.mx\/index.php\/wp-json\/wp\/v2\/tags?post=203727"}],"curies":[{"name":"wp","href":"https:\/\/api.w.org\/{rel}","templated":true}]}}