{"id":203611,"date":"2025-12-15T10:21:32","date_gmt":"2025-12-15T16:21:32","guid":{"rendered":"https:\/\/nvnoticias.mx\/?p=203611"},"modified":"2025-12-15T10:21:36","modified_gmt":"2025-12-15T16:21:36","slug":"derechos-humanos-en-un-mundo-que-los-viola","status":"publish","type":"post","link":"https:\/\/nvnoticias.mx\/index.php\/2025\/12\/15\/derechos-humanos-en-un-mundo-que-los-viola\/","title":{"rendered":"Derechos Humanos en un mundo que los viola"},"content":{"rendered":"\n<p><\/p>\n\n\n\n<blockquote class=\"wp-block-quote is-layout-flow wp-block-quote-is-layout-flow\">\n<p>Alguien como t\u00fa.<\/p>\n\n\n\n<p><strong>Gladys P\u00e9rez Maldonado.<\/strong><\/p>\n<\/blockquote>\n\n\n\n<p>Cada 10 de diciembre el mundo conmemora el D\u00eda de los Derechos Humanos, una fecha que remite a la adopci\u00f3n de la Declaraci\u00f3n Universal de los Derechos Humanos en 1948. Setenta y seis a\u00f1os despu\u00e9s, el documento sigue siendo una referencia \u00e9tica y jur\u00eddica indispensable, pero tambi\u00e9n un recordatorio inc\u00f3modo, los derechos humanos no son una conquista definitiva, sino un campo permanente de disputa. Conmemorarlos no implica aplaudir avances aislados, sino cuestionar con rigor por qu\u00e9 millones de personas siguen viviendo sin ellos.<\/p>\n\n\n\n<p>La Declaraci\u00f3n Universal naci\u00f3 de las ruinas de la Segunda Guerra Mundial, como respuesta al horror del exterminio, la tortura y la negaci\u00f3n absoluta de la dignidad humana. Su premisa central fue simple y radical, todas las personas nacen libres e iguales en dignidad y derechos, esa afirmaci\u00f3n, aparentemente obvia hoy, fue una ruptura hist\u00f3rica frente a siglos de exclusi\u00f3n legalizada por razones de g\u00e9nero, raza, origen nacional, condici\u00f3n econ\u00f3mica o creencias. Sin embargo, la distancia entre el ideal proclamado y la realidad cotidiana contin\u00faa siendo abismal.<\/p>\n\n\n\n<p>El sentido cr\u00edtico del D\u00eda de los Derechos Humanos exige reconocer que, en muchos pa\u00edses, los derechos se enuncian con solemnidad en constituciones y tratados, pero se diluyen en la pr\u00e1ctica. El derecho a la vida se ve vulnerado por la violencia armada y el crimen organizado; el derecho a la libertad, por detenciones arbitrarias y sistemas penales selectivos; el derecho a la igualdad, por estructuras que reproducen la discriminaci\u00f3n contra mujeres, personas ind\u00edgenas, migrantes, personas con discapacidad y comunidades LGBTIQ+. No se trata de fallas aisladas, sino de patrones estructurales de exclusi\u00f3n.<\/p>\n\n\n\n<p>En el caso de M\u00e9xico, la conmemoraci\u00f3n del 10 de diciembre no puede desligarse de realidades como la crisis de desapariciones, la persistencia de la violencia de g\u00e9nero, la precarizaci\u00f3n del trabajo y la desigualdad en el acceso a la justicia. Hablar de derechos humanos implica hablar de madres buscadoras, de periodistas amenazados, de comunidades desplazadas y de mujeres que siguen exigiendo el derecho b\u00e1sico a vivir sin miedo. La narrativa oficial del progreso pierde fuerza cuando se contrasta con la experiencia diaria de quienes viven al margen de la protecci\u00f3n del Estado.<\/p>\n\n\n\n<p>Adem\u00e1s, el contexto global actual plantea nuevos desaf\u00edos. El avance de tecnolog\u00edas digitales ha abierto oportunidades, pero tambi\u00e9n ha generado nuevas formas de vigilancia, exclusi\u00f3n y control. El cambio clim\u00e1tico amenaza derechos fundamentales como el acceso al agua, a la salud y a una vivienda digna, afectando de manera desproporcionada a las poblaciones m\u00e1s pobres. Las migraciones forzadas, lejos de abordarse desde un enfoque de derechos, suelen enfrentarse con pol\u00edticas de criminalizaci\u00f3n y rechazo. Conmemorar este d\u00eda sin incorporar estos debates ser\u00eda reducirlo a una efem\u00e9ride vac\u00eda.<\/p>\n\n\n\n<p>El 10 de diciembre tambi\u00e9n obliga a cuestionar la idea de que los derechos humanos son un obst\u00e1culo para el desarrollo o la seguridad, un discurso cada vez m\u00e1s frecuente en contextos autoritarios. Presentarlos como privilegios o concesiones debilita su esencia, los derechos humanos no dependen de la buena voluntad del poder, sino que existen precisamente para limitarlo. Cuando se relativizan, quienes pierden primero son siempre los mismos: los sectores hist\u00f3ricamente vulnerados.<\/p>\n\n\n\n<p>La importancia de esta fecha radica, entonces, en su capacidad de interpelar a los Estados, pero tambi\u00e9n a la sociedad. Los derechos humanos no se garantizan solo desde tribunales o instituciones internacionales; se sostienen desde la exigencia ciudadana, el periodismo cr\u00edtico, la educaci\u00f3n con enfoque de derechos y la memoria colectiva. Defenderlos implica incomodar, se\u00f1alar omisiones y exigir coherencia entre el discurso y la acci\u00f3n.<\/p>\n\n\n\n<p>Conmemorar el D\u00eda de los Derechos Humanos no deber\u00eda ser un acto ceremonial ni un ejercicio de autocomplacencia. Es, o deber\u00eda ser, un momento de balance inc\u00f3modo y de compromiso renovado. Porque mientras haya una sola persona privada de su dignidad, la promesa del 10 de diciembre seguir\u00e1 incompleta. Los derechos humanos no son un logro del pasado: son una urgencia del presente y una responsabilidad compartida hacia el futuro\u2026<\/p>\n","protected":false},"excerpt":{"rendered":"<p>Alguien como t\u00fa. Gladys P\u00e9rez Maldonado. Cada 10 de diciembre el mundo conmemora el D\u00eda de los Derechos Humanos, una fecha que remite a la adopci\u00f3n de la Declaraci\u00f3n Universal de los Derechos Humanos en 1948. Setenta y seis a\u00f1os despu\u00e9s, el documento sigue siendo una referencia \u00e9tica y jur\u00eddica indispensable, pero tambi\u00e9n un recordatorio [&hellip;]<\/p>\n","protected":false},"author":45,"featured_media":203612,"comment_status":"open","ping_status":"open","sticky":false,"template":"","format":"standard","meta":{"_monsterinsights_skip_tracking":false,"_monsterinsights_sitenote_active":false,"_monsterinsights_sitenote_note":"","_monsterinsights_sitenote_category":0,"footnotes":""},"categories":[15405],"tags":[15415],"class_list":["post-203611","post","type-post","status-publish","format-standard","has-post-thumbnail","hentry","category-alguien-como-tu","tag-gladys-perez-maldonado","wp-image-borders"],"amp_enabled":true,"_links":{"self":[{"href":"https:\/\/nvnoticias.mx\/index.php\/wp-json\/wp\/v2\/posts\/203611","targetHints":{"allow":["GET"]}}],"collection":[{"href":"https:\/\/nvnoticias.mx\/index.php\/wp-json\/wp\/v2\/posts"}],"about":[{"href":"https:\/\/nvnoticias.mx\/index.php\/wp-json\/wp\/v2\/types\/post"}],"author":[{"embeddable":true,"href":"https:\/\/nvnoticias.mx\/index.php\/wp-json\/wp\/v2\/users\/45"}],"replies":[{"embeddable":true,"href":"https:\/\/nvnoticias.mx\/index.php\/wp-json\/wp\/v2\/comments?post=203611"}],"version-history":[{"count":1,"href":"https:\/\/nvnoticias.mx\/index.php\/wp-json\/wp\/v2\/posts\/203611\/revisions"}],"predecessor-version":[{"id":203613,"href":"https:\/\/nvnoticias.mx\/index.php\/wp-json\/wp\/v2\/posts\/203611\/revisions\/203613"}],"wp:featuredmedia":[{"embeddable":true,"href":"https:\/\/nvnoticias.mx\/index.php\/wp-json\/wp\/v2\/media\/203612"}],"wp:attachment":[{"href":"https:\/\/nvnoticias.mx\/index.php\/wp-json\/wp\/v2\/media?parent=203611"}],"wp:term":[{"taxonomy":"category","embeddable":true,"href":"https:\/\/nvnoticias.mx\/index.php\/wp-json\/wp\/v2\/categories?post=203611"},{"taxonomy":"post_tag","embeddable":true,"href":"https:\/\/nvnoticias.mx\/index.php\/wp-json\/wp\/v2\/tags?post=203611"}],"curies":[{"name":"wp","href":"https:\/\/api.w.org\/{rel}","templated":true}]}}