{"id":203566,"date":"2025-12-15T09:24:22","date_gmt":"2025-12-15T15:24:22","guid":{"rendered":"https:\/\/nvnoticias.mx\/?p=203566"},"modified":"2025-12-15T09:24:28","modified_gmt":"2025-12-15T15:24:28","slug":"tren-cdmx-aifa-estara-concluido-antes-de-mundial-2026-sheinbaum","status":"publish","type":"post","link":"https:\/\/nvnoticias.mx\/index.php\/2025\/12\/15\/tren-cdmx-aifa-estara-concluido-antes-de-mundial-2026-sheinbaum\/","title":{"rendered":"Tren CDMX-AIFA estar\u00e1 concluido antes de Mundial 2026:  Sheinbaum"},"content":{"rendered":"\n<p>El tren interurbano que conectar\u00e1 la Ciudad de M\u00e9xico con el Aeropuerto Internacional Felipe \u00c1ngeles (AIFA) estar\u00e1 concluido antes que inicie la Copa Mundial de la FIFA 2026.<\/p>\n\n\n\n<p>As\u00ed lo comprometi\u00f3 la presidenta Claudia Sheinbaum Pardo durante la ma\u00f1anera de este lunes en Palacio Nacional, donde indic\u00f3 que este mes se realizar\u00e1n las primeras pruebas de los trenes para comprobar su seguridad.<\/p>\n\n\n\n<p>Detall\u00f3 que en diciembre se realizar\u00e1 el primer recorrido a bordo de este tren. \u201cYa est\u00e1 lista pr\u00e1cticamente toda la obra civil\u201d, precis\u00f3.<\/p>\n\n\n\n<p>El periodo de pruebas, dijo, puede extenderse hasta varios meses. \u201cY en los trenes siempre es as\u00ed, viene un periodo de pruebas para probar la se\u00f1alizaci\u00f3n y que sea completamente seguro. Entonces va a venir un periodo de pruebas, que pueden ser dos meses m\u00e1s o menos, y a partir de ah\u00ed ya estar\u00eda funcionando, pero antes del Mundial va a estar funcionando eso s\u00ed\u201d.<\/p>\n\n\n\n<p>El Mundial de Futbol se inaugurar\u00e1 el 11 de junio de 2026 en el m\u00edtico Estadio Azteca, con el juego entre las selecciones de M\u00e9xico y Sud\u00e1frica.<\/p>\n\n\n\n<p>Fuente: La <a href=\"https:\/\/www.jornada.com.mx\/noticia\/2025\/12\/15\/politica\/tren-cdmxaifa-estara-concluido-antes-de-mundial-2026-estima-sheinbaum\">Jornada<\/a> <\/p>\n\n\n\n<p><\/p>\n","protected":false},"excerpt":{"rendered":"<p>El tren interurbano que conectar\u00e1 la Ciudad de M\u00e9xico con el Aeropuerto Internacional Felipe \u00c1ngeles (AIFA) estar\u00e1 concluido antes que inicie la Copa Mundial de la FIFA 2026. As\u00ed lo comprometi\u00f3 la presidenta Claudia Sheinbaum Pardo durante la ma\u00f1anera de este lunes en Palacio Nacional, donde indic\u00f3 que este mes se realizar\u00e1n las primeras pruebas [&hellip;]<\/p>\n","protected":false},"author":35,"featured_media":203568,"comment_status":"open","ping_status":"open","sticky":false,"template":"","format":"standard","meta":{"_monsterinsights_skip_tracking":false,"_monsterinsights_sitenote_active":false,"_monsterinsights_sitenote_note":"","_monsterinsights_sitenote_category":0,"footnotes":""},"categories":[157],"tags":[6165,2801,4114,162],"class_list":["post-203566","post","type-post","status-publish","format-standard","has-post-thumbnail","hentry","category-nacional","tag-aifa","tag-claudia-sheinbaum","tag-mundial-2026","tag-portada","wp-image-borders"],"amp_enabled":true,"_links":{"self":[{"href":"https:\/\/nvnoticias.mx\/index.php\/wp-json\/wp\/v2\/posts\/203566","targetHints":{"allow":["GET"]}}],"collection":[{"href":"https:\/\/nvnoticias.mx\/index.php\/wp-json\/wp\/v2\/posts"}],"about":[{"href":"https:\/\/nvnoticias.mx\/index.php\/wp-json\/wp\/v2\/types\/post"}],"author":[{"embeddable":true,"href":"https:\/\/nvnoticias.mx\/index.php\/wp-json\/wp\/v2\/users\/35"}],"replies":[{"embeddable":true,"href":"https:\/\/nvnoticias.mx\/index.php\/wp-json\/wp\/v2\/comments?post=203566"}],"version-history":[{"count":2,"href":"https:\/\/nvnoticias.mx\/index.php\/wp-json\/wp\/v2\/posts\/203566\/revisions"}],"predecessor-version":[{"id":203569,"href":"https:\/\/nvnoticias.mx\/index.php\/wp-json\/wp\/v2\/posts\/203566\/revisions\/203569"}],"wp:featuredmedia":[{"embeddable":true,"href":"https:\/\/nvnoticias.mx\/index.php\/wp-json\/wp\/v2\/media\/203568"}],"wp:attachment":[{"href":"https:\/\/nvnoticias.mx\/index.php\/wp-json\/wp\/v2\/media?parent=203566"}],"wp:term":[{"taxonomy":"category","embeddable":true,"href":"https:\/\/nvnoticias.mx\/index.php\/wp-json\/wp\/v2\/categories?post=203566"},{"taxonomy":"post_tag","embeddable":true,"href":"https:\/\/nvnoticias.mx\/index.php\/wp-json\/wp\/v2\/tags?post=203566"}],"curies":[{"name":"wp","href":"https:\/\/api.w.org\/{rel}","templated":true}]}}