{"id":203532,"date":"2025-12-14T15:47:12","date_gmt":"2025-12-14T21:47:12","guid":{"rendered":"https:\/\/nvnoticias.mx\/?p=203532"},"modified":"2025-12-14T15:47:17","modified_gmt":"2025-12-14T21:47:17","slug":"se-llevo-a-cabo-una-nueva-marcha-de-la-generacion-z-en-cdmx","status":"publish","type":"post","link":"https:\/\/nvnoticias.mx\/index.php\/2025\/12\/14\/se-llevo-a-cabo-una-nueva-marcha-de-la-generacion-z-en-cdmx\/","title":{"rendered":"Se llev\u00f3 a cabo una nueva marcha de la Generaci\u00f3n &#8216;Z&#8217; en CDMX"},"content":{"rendered":"\n<p><\/p>\n\n\n\n<p>Este domingo 14 de diciembre, se realiz\u00f3 una nueva marcha encabezada por la llamada Generaci\u00f3n &#8220;Z&#8221; en la Ciudad de M\u00e9xico.<\/p>\n\n\n\n<p>Alrededor de las 11 de la ma\u00f1ana, el contingente de j\u00f3venes&nbsp;<strong>comenz\u00f3 a aglomerarse a la altura del \u00c1ngel de la Independencia, para partir hacia el Z\u00f3calo de la capital del pa\u00eds.<\/strong><\/p>\n\n\n\n<p>Ante esto, tuvieron que cerrar algunas de las zonas m\u00e1s transitadas por los automovil\u00edsticas de la Ciudad de M\u00e9xico&nbsp;<strong>como Paseo de la Reforma, avenida Ju\u00e1rez, entre otros.<\/strong><\/p>\n\n\n\n<p>Hasta el momento,&nbsp;<strong>no se tiene el reporte de disturbios o hechos de violencia, por lo que la marcha se realiz\u00f3 de manera pac\u00edfica.<\/strong><\/p>\n\n\n\n<p>Cabe recordar que esta es la tercera marcha de la Generaci\u00f3n &#8220;Z&#8221; en menos de un mes; la primera ocurri\u00f3 el 15 de noviembre y la segunda cinco d\u00edas despu\u00e9s, es decir, el d\u00eda 20 del mismo mes.<\/p>\n","protected":false},"excerpt":{"rendered":"<p>Este domingo 14 de diciembre, se realiz\u00f3 una nueva marcha encabezada por la llamada Generaci\u00f3n &#8220;Z&#8221; en la Ciudad de M\u00e9xico. Alrededor de las 11 de la ma\u00f1ana, el contingente de j\u00f3venes&nbsp;comenz\u00f3 a aglomerarse a la altura del \u00c1ngel de la Independencia, para partir hacia el Z\u00f3calo de la capital del pa\u00eds. Ante esto, tuvieron [&hellip;]<\/p>\n","protected":false},"author":8,"featured_media":203533,"comment_status":"open","ping_status":"open","sticky":false,"template":"","format":"standard","meta":{"_monsterinsights_skip_tracking":false,"_monsterinsights_sitenote_active":false,"_monsterinsights_sitenote_note":"","_monsterinsights_sitenote_category":0,"footnotes":""},"categories":[157],"tags":[307,32655,162],"class_list":["post-203532","post","type-post","status-publish","format-standard","has-post-thumbnail","hentry","category-nacional","tag-cdmx","tag-marcha-de-la-generacion-z","tag-portada","wp-image-borders"],"amp_enabled":true,"_links":{"self":[{"href":"https:\/\/nvnoticias.mx\/index.php\/wp-json\/wp\/v2\/posts\/203532","targetHints":{"allow":["GET"]}}],"collection":[{"href":"https:\/\/nvnoticias.mx\/index.php\/wp-json\/wp\/v2\/posts"}],"about":[{"href":"https:\/\/nvnoticias.mx\/index.php\/wp-json\/wp\/v2\/types\/post"}],"author":[{"embeddable":true,"href":"https:\/\/nvnoticias.mx\/index.php\/wp-json\/wp\/v2\/users\/8"}],"replies":[{"embeddable":true,"href":"https:\/\/nvnoticias.mx\/index.php\/wp-json\/wp\/v2\/comments?post=203532"}],"version-history":[{"count":1,"href":"https:\/\/nvnoticias.mx\/index.php\/wp-json\/wp\/v2\/posts\/203532\/revisions"}],"predecessor-version":[{"id":203534,"href":"https:\/\/nvnoticias.mx\/index.php\/wp-json\/wp\/v2\/posts\/203532\/revisions\/203534"}],"wp:featuredmedia":[{"embeddable":true,"href":"https:\/\/nvnoticias.mx\/index.php\/wp-json\/wp\/v2\/media\/203533"}],"wp:attachment":[{"href":"https:\/\/nvnoticias.mx\/index.php\/wp-json\/wp\/v2\/media?parent=203532"}],"wp:term":[{"taxonomy":"category","embeddable":true,"href":"https:\/\/nvnoticias.mx\/index.php\/wp-json\/wp\/v2\/categories?post=203532"},{"taxonomy":"post_tag","embeddable":true,"href":"https:\/\/nvnoticias.mx\/index.php\/wp-json\/wp\/v2\/tags?post=203532"}],"curies":[{"name":"wp","href":"https:\/\/api.w.org\/{rel}","templated":true}]}}