{"id":20305,"date":"2021-08-05T14:52:31","date_gmt":"2021-08-05T19:52:31","guid":{"rendered":"https:\/\/nvnoticias.mx\/?p=20305"},"modified":"2021-08-05T14:53:47","modified_gmt":"2021-08-05T19:53:47","slug":"la-justicia","status":"publish","type":"post","link":"https:\/\/nvnoticias.mx\/index.php\/2021\/08\/05\/la-justicia\/","title":{"rendered":"La justicia"},"content":{"rendered":"\n<p class=\"has-text-align-right\"><strong>Juan Jos\u00e9 Rodr\u00edguez Prats<\/strong><\/p>\n\n\n\n<blockquote class=\"wp-block-quote is-layout-flow wp-block-quote-is-layout-flow\"><p><em>El m\u00e1s grande espect\u00e1culo de cualquier pat\u00edbulo<\/em> <em>consiste en ver rodar la testa del verdugo.<\/em><\/p><cite><em>Xavier Velasco<\/em><\/cite><\/blockquote>\n\n\n\n<p><\/p>\n\n\n\n<p>Si tuviera que elegir el documento fundacional m\u00e1s id\u00f3neo del Estado mexicano, el equivalente a su acta de nacimiento, no me decidir\u00eda por los documentos de la autor\u00eda de Hidalgo suprimiendo la esclavitud y sus demandas econ\u00f3micas y sociales. Tampoco por la Constituci\u00f3n de C\u00e1diz, con todo y su contenido liberal ni por su versi\u00f3n mexicana, la de Apatzing\u00e1n, que nunca tuvo vigencia. No me inclinar\u00eda por los Sentimientos de la Naci\u00f3n de Morelos por ser sentimientos y no ideas viables. Mucho menos pensar\u00eda en el Plan de Iguala de Iturbide ni en el Acta de Independencia del Imperio mexicano de la autor\u00eda de Juan Jos\u00e9 Espinoza de los Monteros, que es un documento muy primitivo. La Constituci\u00f3n de 1824 no es m\u00e1s que una mala copia de la estadunidense.<\/p>\n\n\n\n<p>Elegir\u00eda un documento m\u00e1s sencillo, breve y de un contenido que define lo que debe ser el Estado de derecho, que hoy en d\u00eda es nuestro principal requerimiento. Me refiero al Manifiesto a la Naci\u00f3n que el presidente Benito Ju\u00e1rez le dirige al pueblo de M\u00e9xico el 15 de julio de 1867 a su entrada a la capital del pa\u00eds, fecha considerada el inicio de la Segunda Rep\u00fablica o Rep\u00fablica Restaurada y que, a mi juicio, constituye la fundaci\u00f3n del Estado mexicano, con todos los elementos que el concepto implica.<\/p>\n\n\n\n<p>En ese texto, adem\u00e1s del famoso apotegma del benem\u00e9rito, hay una idea que es obligatorio transcribir: \u201cLa templanza de su conducta (se refiere a su gobierno) en todos los lugares donde ha residido, ha demostrado su deseo de moderar en lo posible el rigor de la justicia, conciliando la indulgencia con el estrecho deber de que se apliquen las leyes, en lo que sea indispensable para afianzar la paz y el porvenir de la naci\u00f3n\u201d.<\/p>\n\n\n\n<p>Posiblemente alguien, atrevidamente, interpret\u00f3 esas palabras, porque nunca he encontrado que Ju\u00e1rez haya dicho: \u201cA los amigos, justicia y gracia. A los enemigos, justicia\u201d. Evidentemente no eran esos sus prop\u00f3sitos. Insist\u00eda en aplicar la ley sin rencor ni demagogia y he ah\u00ed que su pensamiento es una referencia obligada en la situaci\u00f3n que hoy confrontamos.<\/p>\n\n\n\n<p>El pasado domingo aconteci\u00f3 algo que nos debe avergonzar y que estamos obligados a condenar. Una serie de eventos que exacerban el peor sentimiento que envenena y enferma una sociedad: el resentimiento, la rencilla, la querella. Lucha est\u00e9ril que genera iniquidad e ignominia.<\/p>\n\n\n\n<p>Ahora vamos a otra contienda para degradar la pol\u00edtica, para dividirnos, para descomponer a\u00fan m\u00e1s nuestro entramado social: la revocaci\u00f3n del mandato presidencial. \u00a1Qu\u00e9 obsesi\u00f3n por disminuir nuestra escasa energ\u00eda colectiva!<\/p>\n\n\n\n<p>Coincido con Enrique Serna: \u201cLos m\u00e1s fervientes adoradores del pueblo son los que menos respetan su inteligencia\u201d. Todos los d\u00edas la consigna es la misma: busquemos culpables, distraigamos a la opini\u00f3n p\u00fablica, a la hoguera los perversos del pasado, que los del presente somos impunes y habremos de continuar en el poder. Pat\u00e9tico espect\u00e1culo.<\/p>\n\n\n\n<p>Hace muchos a\u00f1os escrib\u00ed un libro en el que utilic\u00e9 la expresi\u00f3n \u201cpol\u00edtica del derecho\u201d, dos elementos hoy estrechamente vinculados. El derecho es el maestro del pol\u00edtico. Si al hombre en el poder ni siquiera se le ocurre consultar qu\u00e9 ordenan las leyes y simplemente hace su voluntad como lo vemos cotidianamente, vamos rumbo al colapso.<\/p>\n\n\n\n<p>Parafraseando a Ortega y Gasset, un jurista espa\u00f1ol, Faustino Mart\u00ednez Mart\u00ednez, escribi\u00f3: \u201cEl tema de nuestro tiempo: buscar el modo de imbricar o incardinar el derecho en la nueva sociedad, en el nuevo orden mundial que ha surgido entre nosotros\u201d. Efectivamente, el problema es global.<\/p>\n\n\n\n<p>La condescendencia con quienes violan derechos humanos, que son los m\u00e1s elementales, es algo de lo m\u00e1s grave y, para nuestro infortunio, M\u00e9xico ocupa un deshonroso lugar en el p\u00f3dium. S\u00ed, el manifiesto de Ju\u00e1rez debe ser nuestra divisa se\u00f1era: templanza, moderaci\u00f3n, indulgencia y estrecho deber de que se apliquen las leyes.<\/p>\n","protected":false},"excerpt":{"rendered":"<p>Juan Jos\u00e9 Rodr\u00edguez Prats El m\u00e1s grande espect\u00e1culo de cualquier pat\u00edbulo consiste en ver rodar la testa del verdugo. Xavier Velasco Si tuviera que elegir el documento fundacional m\u00e1s id\u00f3neo del Estado mexicano, el equivalente a su acta de nacimiento, no me decidir\u00eda por los documentos de la autor\u00eda de Hidalgo suprimiendo la esclavitud y [&hellip;]<\/p>\n","protected":false},"author":17,"featured_media":838,"comment_status":"open","ping_status":"open","sticky":false,"template":"","format":"standard","meta":{"_monsterinsights_skip_tracking":false,"_monsterinsights_sitenote_active":false,"_monsterinsights_sitenote_note":"","_monsterinsights_sitenote_category":0,"footnotes":""},"categories":[614],"tags":[397],"class_list":["post-20305","post","type-post","status-publish","format-standard","has-post-thumbnail","hentry","category-politica-de-principios","tag-juan-jose-rodriguez-prats-2","wp-image-borders"],"amp_enabled":true,"_links":{"self":[{"href":"https:\/\/nvnoticias.mx\/index.php\/wp-json\/wp\/v2\/posts\/20305","targetHints":{"allow":["GET"]}}],"collection":[{"href":"https:\/\/nvnoticias.mx\/index.php\/wp-json\/wp\/v2\/posts"}],"about":[{"href":"https:\/\/nvnoticias.mx\/index.php\/wp-json\/wp\/v2\/types\/post"}],"author":[{"embeddable":true,"href":"https:\/\/nvnoticias.mx\/index.php\/wp-json\/wp\/v2\/users\/17"}],"replies":[{"embeddable":true,"href":"https:\/\/nvnoticias.mx\/index.php\/wp-json\/wp\/v2\/comments?post=20305"}],"version-history":[{"count":2,"href":"https:\/\/nvnoticias.mx\/index.php\/wp-json\/wp\/v2\/posts\/20305\/revisions"}],"predecessor-version":[{"id":20308,"href":"https:\/\/nvnoticias.mx\/index.php\/wp-json\/wp\/v2\/posts\/20305\/revisions\/20308"}],"wp:featuredmedia":[{"embeddable":true,"href":"https:\/\/nvnoticias.mx\/index.php\/wp-json\/wp\/v2\/media\/838"}],"wp:attachment":[{"href":"https:\/\/nvnoticias.mx\/index.php\/wp-json\/wp\/v2\/media?parent=20305"}],"wp:term":[{"taxonomy":"category","embeddable":true,"href":"https:\/\/nvnoticias.mx\/index.php\/wp-json\/wp\/v2\/categories?post=20305"},{"taxonomy":"post_tag","embeddable":true,"href":"https:\/\/nvnoticias.mx\/index.php\/wp-json\/wp\/v2\/tags?post=20305"}],"curies":[{"name":"wp","href":"https:\/\/api.w.org\/{rel}","templated":true}]}}