{"id":202986,"date":"2025-12-08T12:33:54","date_gmt":"2025-12-08T18:33:54","guid":{"rendered":"https:\/\/nvnoticias.mx\/?p=202986"},"modified":"2025-12-08T12:33:57","modified_gmt":"2025-12-08T18:33:57","slug":"avanzan-ampliaciones-de-bachilleratos-en-papantla-y-tuxpan-concluiran-entre-2025-y-2026","status":"publish","type":"post","link":"https:\/\/nvnoticias.mx\/index.php\/2025\/12\/08\/avanzan-ampliaciones-de-bachilleratos-en-papantla-y-tuxpan-concluiran-entre-2025-y-2026\/","title":{"rendered":"Avanzan ampliaciones de bachilleratos en Papantla y Tuxpan; concluir\u00e1n entre 2025 y 2026"},"content":{"rendered":"\n<p><\/p>\n\n\n\n<p><strong>Sam Ojeda\u00a0&#8211; NV Noticias<\/strong><\/p>\n\n\n\n<p>Xalapa.- Las ampliaciones de planteles de bachillerato en Papantla y Tuxpan forman parte de los avances de infraestructura educativa que se desarrollan en Veracruz como parte del proyecto del Bachillerato Nacional, inform\u00f3 el secretario de Educaci\u00f3n, Mario Delgado Carrillo, durante la Conferencia del Pueblo encabezada por la presidenta Claudia Sheinbaum Pardo.<\/p>\n\n\n\n<p>En el caso de Papantla, la ampliaci\u00f3n est\u00e1 programada para concluir en febrero de 2025, mientras que en Tuxpan los trabajos finalizar\u00e1n en enero de 2026, como parte del paquete de obras que se ejecutan a nivel nacional para ampliar la cobertura educativa.<\/p>\n\n\n\n<blockquote class=\"wp-block-quote is-layout-flow wp-block-quote-is-layout-flow\">\n<p>\u201c\u00bfCu\u00e1l era el plan para este 2025? Tener 20 planteles nuevos, 33 ampliaciones, 35 reconversiones, 37 mil 500 lugares nuevos que representa un 37 por ciento de la meta de los 120 mil\u201d.<\/p>\n<\/blockquote>\n\n\n\n<p>El funcionario explic\u00f3 que las ampliaciones se enfocan en planteles con alta demanda, donde la saturaci\u00f3n imped\u00eda el ingreso de m\u00e1s estudiantes.<\/p>\n\n\n\n<blockquote class=\"wp-block-quote is-layout-flow wp-block-quote-is-layout-flow\">\n<p>\u201cEn enero terminamos las ampliaciones de bachilleratos que ten\u00edan mucha demanda, que estaban saturados, que rechazaban a muchos j\u00f3venes\u201d.<\/p>\n<\/blockquote>\n\n\n\n<p>Detall\u00f3 que las obras contemplan infraestructura acad\u00e9mica y t\u00e9cnica para responder a las nuevas necesidades educativas.<\/p>\n\n\n\n<blockquote class=\"wp-block-quote is-layout-flow wp-block-quote-is-layout-flow\">\n<p>\u201cSe hacen nuevas aulas y nuevos talleres para las nuevas carreras\u201d.<\/p>\n<\/blockquote>\n\n\n\n<p>Mario Delgado inform\u00f3 que varias ampliaciones ya se encuentran concluidas en distintos estados del pa\u00eds.<\/p>\n\n\n\n<blockquote class=\"wp-block-quote is-layout-flow wp-block-quote-is-layout-flow\">\n<p>\u201cConcluidas est\u00e1n ya en Calpulalpan, en Tabasco, en Huamantla, en Tijuana dos ampliaciones\u201d.<\/p>\n<\/blockquote>\n\n\n\n<p>En tanto, otras obras est\u00e1n en su etapa final, entre ellas dos correspondientes a Veracruz.<\/p>\n\n\n\n<blockquote class=\"wp-block-quote is-layout-flow wp-block-quote-is-layout-flow\">\n<p>\u201cPor terminar estamos en Aguascalientes, en Ciudad de M\u00e9xico, en Durango, San Luis Potos\u00ed y Veracruz dos ampliaciones\u201d.<\/p>\n<\/blockquote>\n\n\n\n<p>Respecto al calendario de conclusi\u00f3n, precis\u00f3 que en enero de 2026 se contempla la entrega de varios planteles, incluido Tuxpan.<\/p>\n\n\n\n<blockquote class=\"wp-block-quote is-layout-flow wp-block-quote-is-layout-flow\">\n<p>\u201cEn enero vamos a terminar Esc\u00e1rcega, Maravat\u00edo, Ocosingo, Tuxpan y Tuxtepec\u201d.<\/p>\n<\/blockquote>\n\n\n\n<p>Mientras que para febrero se prev\u00e9 concluir las ampliaciones en Papantla.<\/p>\n\n\n\n<blockquote class=\"wp-block-quote is-layout-flow wp-block-quote-is-layout-flow\">\n<p>\u201cEn febrero ser\u00e1 Papantla y Solidaridad\u201d.<\/p>\n<\/blockquote>\n","protected":false},"excerpt":{"rendered":"<p>Sam Ojeda\u00a0&#8211; NV Noticias Xalapa.- Las ampliaciones de planteles de bachillerato en Papantla y Tuxpan forman parte de los avances de infraestructura educativa que se desarrollan en Veracruz como parte del proyecto del Bachillerato Nacional, inform\u00f3 el secretario de Educaci\u00f3n, Mario Delgado Carrillo, durante la Conferencia del Pueblo encabezada por la presidenta Claudia Sheinbaum Pardo. [&hellip;]<\/p>\n","protected":false},"author":6,"featured_media":202987,"comment_status":"open","ping_status":"open","sticky":false,"template":"","format":"standard","meta":{"_monsterinsights_skip_tracking":false,"_monsterinsights_sitenote_active":false,"_monsterinsights_sitenote_note":"","_monsterinsights_sitenote_category":0,"footnotes":""},"categories":[156],"tags":[5313,2236],"class_list":["post-202986","post","type-post","status-publish","format-standard","has-post-thumbnail","hentry","category-estado","tag-papantla","tag-tuxpan","wp-image-borders"],"amp_enabled":true,"_links":{"self":[{"href":"https:\/\/nvnoticias.mx\/index.php\/wp-json\/wp\/v2\/posts\/202986","targetHints":{"allow":["GET"]}}],"collection":[{"href":"https:\/\/nvnoticias.mx\/index.php\/wp-json\/wp\/v2\/posts"}],"about":[{"href":"https:\/\/nvnoticias.mx\/index.php\/wp-json\/wp\/v2\/types\/post"}],"author":[{"embeddable":true,"href":"https:\/\/nvnoticias.mx\/index.php\/wp-json\/wp\/v2\/users\/6"}],"replies":[{"embeddable":true,"href":"https:\/\/nvnoticias.mx\/index.php\/wp-json\/wp\/v2\/comments?post=202986"}],"version-history":[{"count":2,"href":"https:\/\/nvnoticias.mx\/index.php\/wp-json\/wp\/v2\/posts\/202986\/revisions"}],"predecessor-version":[{"id":202989,"href":"https:\/\/nvnoticias.mx\/index.php\/wp-json\/wp\/v2\/posts\/202986\/revisions\/202989"}],"wp:featuredmedia":[{"embeddable":true,"href":"https:\/\/nvnoticias.mx\/index.php\/wp-json\/wp\/v2\/media\/202987"}],"wp:attachment":[{"href":"https:\/\/nvnoticias.mx\/index.php\/wp-json\/wp\/v2\/media?parent=202986"}],"wp:term":[{"taxonomy":"category","embeddable":true,"href":"https:\/\/nvnoticias.mx\/index.php\/wp-json\/wp\/v2\/categories?post=202986"},{"taxonomy":"post_tag","embeddable":true,"href":"https:\/\/nvnoticias.mx\/index.php\/wp-json\/wp\/v2\/tags?post=202986"}],"curies":[{"name":"wp","href":"https:\/\/api.w.org\/{rel}","templated":true}]}}