{"id":202814,"date":"2025-12-06T12:19:26","date_gmt":"2025-12-06T18:19:26","guid":{"rendered":"https:\/\/nvnoticias.mx\/?p=202814"},"modified":"2025-12-06T12:19:44","modified_gmt":"2025-12-06T18:19:44","slug":"no-descarta-alito-moreno-mega-alianza-para-elecciones-2027","status":"publish","type":"post","link":"https:\/\/nvnoticias.mx\/index.php\/2025\/12\/06\/no-descarta-alito-moreno-mega-alianza-para-elecciones-2027\/","title":{"rendered":"No descarta &#8216;Alito&#8217; Moreno  mega alianza para elecciones 2027"},"content":{"rendered":"\n<p><\/p>\n\n\n\n<p>El presidente nacional del PRI, Alejandro Moreno, no descart\u00f3 una mega alianza pol\u00edtica opositora para las elecciones federales de 2027.<\/p>\n\n\n\n<p>Al encabezar los trabajos del Consejo Pol\u00edtico Nacional, donde tom\u00f3 protesta a los nuevos consejeros, afirm\u00f3 que su partido es el proyecto opositor m\u00e1s importante y mejor posicionado del pa\u00eds.<\/p>\n\n\n\n<p>El l\u00edder priista indic\u00f3 que su partido est\u00e1 listo para enfrentar los siguientes procesos electorales de manera individual.<\/p>\n\n\n\n<blockquote class=\"wp-block-quote is-layout-flow wp-block-quote-is-layout-flow\">\n<p>\u201cQue se escuche muy claro: el PRI est\u00e1 listo para enfrentar el pr\u00f3ximo proceso electoral como la fuerza pol\u00edtica de M\u00e9xico, como el partido que entiende y defiende las causas de las y los mexicanos podemos e iremos a la contienda como una fuerza pol\u00edtica fuerte, independiente y muy competitiva\u201d, dijo.<\/p>\n<\/blockquote>\n\n\n\n<p>Sin embargo, no descart\u00f3 que, junto con otras fuerzas pol\u00edticas se construya una mega alianza, para lo que se deben dejar de lado c\u00e1lculos y diferencias partidarias.<\/p>\n\n\n\n<p>\u201cNo descartamos que si la coyuntura, la voluntad de las fuerzas pol\u00edticas que se dicen de oposici\u00f3n est\u00e1n dispuestos a construir, a dialogar, est\u00e1n dispuestos a sumar en un proyecto de unidad donde estemos todos.<\/p>\n\n\n\n<blockquote class=\"wp-block-quote is-layout-flow wp-block-quote-is-layout-flow\">\n<p>\u201cTrabajemos estrat\u00e9gicamente por M\u00e9xico, podemos construir la coalici\u00f3n pol\u00edtico-ciudadana-partidista m\u00e1s importante de la historia del M\u00e9xico moderno\u201d, afirm\u00f3.<br>Moreno asegur\u00f3 que su partido tiene \u201cla determinaci\u00f3n de construir esas coaliciones responsables que den certeza M\u00e9xico\u201d.<\/p>\n<\/blockquote>\n\n\n\n<blockquote class=\"wp-block-quote is-layout-flow wp-block-quote-is-layout-flow\">\n<p>\u201cLo que necesita el pueblo de M\u00e9xico es certeza, es certidumbre, es capacidad, es experiencia, es ser los escuchados, eso lo sabe hacer en ti y la gente que est\u00e1 all\u00e1 afuera sabe que los priistas tenemos experiencia, tenemos capacidad, damos resultados y sabemos gobernar\u201d, dijo.<\/p>\n<\/blockquote>\n\n\n\n<p>Record\u00f3 que el PRI ha sido siempre un partido con vocaci\u00f3n aliancista, que cree en las coaliciones, por lo que dej\u00f3 en claro que es tiempo de definiciones, \u201cy no vamos a permitir que nos retrase la tibieza y la indecisi\u00f3n de quienes juegan a ser opositores o de quienes un d\u00eda son de oposici\u00f3n y al otro d\u00eda callan, y otro d\u00eda le aplauden al gobierno y se sientan con ellos en la mesa a negociar\u201d.<\/p>\n\n\n\n<p>Fuente: <a href=\"https:\/\/www.milenio.com\/politica\/alejandro-moreno-no-descarta-mega-alianza-para-elecciones-2027\">Milenio<\/a><\/p>\n","protected":false},"excerpt":{"rendered":"<p>El presidente nacional del PRI, Alejandro Moreno, no descart\u00f3 una mega alianza pol\u00edtica opositora para las elecciones federales de 2027. Al encabezar los trabajos del Consejo Pol\u00edtico Nacional, donde tom\u00f3 protesta a los nuevos consejeros, afirm\u00f3 que su partido es el proyecto opositor m\u00e1s importante y mejor posicionado del pa\u00eds. El l\u00edder priista indic\u00f3 que [&hellip;]<\/p>\n","protected":false},"author":6,"featured_media":202815,"comment_status":"open","ping_status":"open","sticky":false,"template":"","format":"standard","meta":{"_monsterinsights_skip_tracking":false,"_monsterinsights_sitenote_active":false,"_monsterinsights_sitenote_note":"","_monsterinsights_sitenote_category":0,"footnotes":""},"categories":[158],"tags":[16779],"class_list":["post-202814","post","type-post","status-publish","format-standard","has-post-thumbnail","hentry","category-politica","tag-alito-moreno","wp-image-borders"],"amp_enabled":true,"_links":{"self":[{"href":"https:\/\/nvnoticias.mx\/index.php\/wp-json\/wp\/v2\/posts\/202814","targetHints":{"allow":["GET"]}}],"collection":[{"href":"https:\/\/nvnoticias.mx\/index.php\/wp-json\/wp\/v2\/posts"}],"about":[{"href":"https:\/\/nvnoticias.mx\/index.php\/wp-json\/wp\/v2\/types\/post"}],"author":[{"embeddable":true,"href":"https:\/\/nvnoticias.mx\/index.php\/wp-json\/wp\/v2\/users\/6"}],"replies":[{"embeddable":true,"href":"https:\/\/nvnoticias.mx\/index.php\/wp-json\/wp\/v2\/comments?post=202814"}],"version-history":[{"count":2,"href":"https:\/\/nvnoticias.mx\/index.php\/wp-json\/wp\/v2\/posts\/202814\/revisions"}],"predecessor-version":[{"id":202817,"href":"https:\/\/nvnoticias.mx\/index.php\/wp-json\/wp\/v2\/posts\/202814\/revisions\/202817"}],"wp:featuredmedia":[{"embeddable":true,"href":"https:\/\/nvnoticias.mx\/index.php\/wp-json\/wp\/v2\/media\/202815"}],"wp:attachment":[{"href":"https:\/\/nvnoticias.mx\/index.php\/wp-json\/wp\/v2\/media?parent=202814"}],"wp:term":[{"taxonomy":"category","embeddable":true,"href":"https:\/\/nvnoticias.mx\/index.php\/wp-json\/wp\/v2\/categories?post=202814"},{"taxonomy":"post_tag","embeddable":true,"href":"https:\/\/nvnoticias.mx\/index.php\/wp-json\/wp\/v2\/tags?post=202814"}],"curies":[{"name":"wp","href":"https:\/\/api.w.org\/{rel}","templated":true}]}}