{"id":202803,"date":"2025-12-06T11:54:25","date_gmt":"2025-12-06T17:54:25","guid":{"rendered":"https:\/\/nvnoticias.mx\/?p=202803"},"modified":"2025-12-06T11:54:29","modified_gmt":"2025-12-06T17:54:29","slug":"ruta-aerea-veracruz-madrid-sigue-en-analisis-por-aerolineas","status":"publish","type":"post","link":"https:\/\/nvnoticias.mx\/index.php\/2025\/12\/06\/ruta-aerea-veracruz-madrid-sigue-en-analisis-por-aerolineas\/","title":{"rendered":"Ruta a\u00e9rea Veracruz\u2013Madrid sigue en an\u00e1lisis por aerol\u00edneas"},"content":{"rendered":"\n<p><\/p>\n\n\n\n<p><strong>Sam Ojeda &#8211; NV Noticias<\/strong><\/p>\n\n\n\n<p>Xalapa.- La posible conexi\u00f3n a\u00e9rea directa entre Veracruz y Madrid contin\u00faa en fase de an\u00e1lisis por parte de aerol\u00edneas internacionales, confirm\u00f3 el secretario de Turismo del estado, Igor Roj\u00ed L\u00f3pez.<\/p>\n\n\n\n<p>El funcionario se\u00f1al\u00f3 que este tipo de rutas depende de estrictos estudios de rentabilidad y niveles m\u00ednimos de ocupaci\u00f3n.<\/p>\n\n\n\n<p>Explic\u00f3 que compa\u00f1\u00edas como Iberia y Aerom\u00e9xico utilizan distintos mecanismos de medici\u00f3n para definir la viabilidad de un vuelo transatl\u00e1ntico, entre ellos el rastreo del lugar de origen de los pasajeros a trav\u00e9s del c\u00f3digo postal que registran al adquirir sus boletos.<\/p>\n\n\n\n<p>A partir de ese cruce de datos, las aerol\u00edneas identifican si existe una concentraci\u00f3n significativa de viajeros procedentes de Veracruz que justifique una operaci\u00f3n directa.<\/p>\n\n\n\n<p>El titular de Turismo subray\u00f3 que no se trata de una decisi\u00f3n inmediata, ya que intervienen m\u00faltiples plataformas de an\u00e1lisis y proyecciones de mercado.<\/p>\n\n\n\n<p>Sin embargo, adelant\u00f3 que el tema volver\u00e1 a ponerse sobre la mesa en enero pr\u00f3ximo, durante la Feria Internacional de Turismo (Fitur) que se celebrar\u00e1 en Madrid.<\/p>\n\n\n\n<p>En ese encuentro, Veracruz contar\u00e1 con un stand dentro del pabell\u00f3n de M\u00e9xico, pa\u00eds que ser\u00e1 invitado especial en esta edici\u00f3n, lo que permitir\u00e1 reforzar la promoci\u00f3n del estado y reactivar el acercamiento con aerol\u00edneas interesadas en ampliar su conectividad internacional.<\/p>\n","protected":false},"excerpt":{"rendered":"<p>Sam Ojeda &#8211; NV Noticias Xalapa.- La posible conexi\u00f3n a\u00e9rea directa entre Veracruz y Madrid contin\u00faa en fase de an\u00e1lisis por parte de aerol\u00edneas internacionales, confirm\u00f3 el secretario de Turismo del estado, Igor Roj\u00ed L\u00f3pez. El funcionario se\u00f1al\u00f3 que este tipo de rutas depende de estrictos estudios de rentabilidad y niveles m\u00ednimos de ocupaci\u00f3n. Explic\u00f3 [&hellip;]<\/p>\n","protected":false},"author":6,"featured_media":202804,"comment_status":"open","ping_status":"open","sticky":false,"template":"","format":"standard","meta":{"_monsterinsights_skip_tracking":false,"_monsterinsights_sitenote_active":false,"_monsterinsights_sitenote_note":"","_monsterinsights_sitenote_category":0,"footnotes":""},"categories":[156],"tags":[592,180],"class_list":["post-202803","post","type-post","status-publish","format-standard","has-post-thumbnail","hentry","category-estado","tag-madrid","tag-veracruz","wp-image-borders"],"amp_enabled":true,"_links":{"self":[{"href":"https:\/\/nvnoticias.mx\/index.php\/wp-json\/wp\/v2\/posts\/202803","targetHints":{"allow":["GET"]}}],"collection":[{"href":"https:\/\/nvnoticias.mx\/index.php\/wp-json\/wp\/v2\/posts"}],"about":[{"href":"https:\/\/nvnoticias.mx\/index.php\/wp-json\/wp\/v2\/types\/post"}],"author":[{"embeddable":true,"href":"https:\/\/nvnoticias.mx\/index.php\/wp-json\/wp\/v2\/users\/6"}],"replies":[{"embeddable":true,"href":"https:\/\/nvnoticias.mx\/index.php\/wp-json\/wp\/v2\/comments?post=202803"}],"version-history":[{"count":1,"href":"https:\/\/nvnoticias.mx\/index.php\/wp-json\/wp\/v2\/posts\/202803\/revisions"}],"predecessor-version":[{"id":202805,"href":"https:\/\/nvnoticias.mx\/index.php\/wp-json\/wp\/v2\/posts\/202803\/revisions\/202805"}],"wp:featuredmedia":[{"embeddable":true,"href":"https:\/\/nvnoticias.mx\/index.php\/wp-json\/wp\/v2\/media\/202804"}],"wp:attachment":[{"href":"https:\/\/nvnoticias.mx\/index.php\/wp-json\/wp\/v2\/media?parent=202803"}],"wp:term":[{"taxonomy":"category","embeddable":true,"href":"https:\/\/nvnoticias.mx\/index.php\/wp-json\/wp\/v2\/categories?post=202803"},{"taxonomy":"post_tag","embeddable":true,"href":"https:\/\/nvnoticias.mx\/index.php\/wp-json\/wp\/v2\/tags?post=202803"}],"curies":[{"name":"wp","href":"https:\/\/api.w.org\/{rel}","templated":true}]}}