{"id":20280,"date":"2021-08-05T12:38:18","date_gmt":"2021-08-05T17:38:18","guid":{"rendered":"https:\/\/nvnoticias.mx\/?p=20280"},"modified":"2021-08-05T12:38:20","modified_gmt":"2021-08-05T17:38:20","slug":"selena-gomez-furiosa-despues-de-bromas-sobre-su-trasplante-de-rinon","status":"publish","type":"post","link":"https:\/\/nvnoticias.mx\/index.php\/2021\/08\/05\/selena-gomez-furiosa-despues-de-bromas-sobre-su-trasplante-de-rinon\/","title":{"rendered":"Selena Gomez furiosa despu\u00e9s de bromas sobre su trasplante de ri\u00f1\u00f3n"},"content":{"rendered":"\n<p>La cantante y actriz\u00a0<em>Selena Gomez,<\/em> denomino como de mal gusto la referencia a su\u00a0trasplante de ri\u00f1\u00f3n\u00a0que apareci\u00f3 en el cuarto episodio de la quinta temporada de la serie de<em>\u00a0Paramount+ &#8220;The Good Fight&#8221;.<\/em><\/p>\n\n\n\n<p>En el cap\u00edtulo se discute qu\u00e9 temas ser\u00edan muy sensibles o se considerar\u00edan fuera de lugar para ser parte de un n\u00famero de humor, y se enumeran<em> la necrofilia, el autismo y el trasplante de ri\u00f1\u00f3n de Selena Gomez.<\/em><\/p>\n\n\n\n<p>La referencia de inmediato enoj\u00f3 a los fan\u00e1ticos de la cantante, quienes no dudaron en mostrar su molestia desde redes sociales. Pero luego fue la propia Gomez quien se sum\u00f3 a las cr\u00edticas con publicaciones en sus cuentas de Twitter e Instagram.<\/p>\n\n\n\n<blockquote class=\"wp-block-quote is-layout-flow wp-block-quote-is-layout-flow\"><p><em>&#8220;No estoy segura de c\u00f3mo escribir bromas sobre trasplante de \u00f3rganos para los programas de televisi\u00f3n se convirti\u00f3 en una realidad, pero lamentablemente as\u00ed fue. Espero que la pr\u00f3xima mesa de guionistas en la que se proponga uno de estos chistes de mal gusto, se llame la atenci\u00f3n inmediatamente y no se emita&#8221;<\/em><\/p><cite>Dijo la cantante mediante twitter <\/cite><\/blockquote>\n\n\n\n<figure class=\"wp-block-embed is-type-rich is-provider-twitter wp-block-embed-twitter\"><div class=\"wp-block-embed__wrapper\">\n<blockquote class=\"twitter-tweet\" data-width=\"550\" data-dnt=\"true\"><p lang=\"en\" dir=\"ltr\">I am not sure how writing jokes about organ transplants for television shows has become a thing but sadly it has apparently. I hope in the next writer\u2019s room when one of these tasteless jokes are presented it\u2019s called out immediately and doesn\u2019t make it on air.<\/p>&mdash; Selena Gomez (@selenagomez) <a href=\"https:\/\/twitter.com\/selenagomez\/status\/1422700625599426561?ref_src=twsrc%5Etfw\">August 3, 2021<\/a><\/blockquote><script async src=\"https:\/\/platform.twitter.com\/widgets.js\" charset=\"utf-8\"><\/script>\n<\/div><\/figure>\n\n\n\n<p>Esta no es la primera vez que se hace alusi\u00f3n al trasplante de ri\u00f1\u00f3n de la cantante. En un episodio del reboot de &#8220;Salvados por la Campana&#8221; de Peacock, un personaje dice: <em>&#8220;S\u00e9 con seguridad que el donante de ri\u00f1\u00f3n de Selena Gomez era la madre de Justin Bieber&#8221;<\/em>.<\/p>\n","protected":false},"excerpt":{"rendered":"<p>La cantante y actriz\u00a0Selena Gomez, denomino como de mal gusto la referencia a su\u00a0trasplante de ri\u00f1\u00f3n\u00a0que apareci\u00f3 en el cuarto episodio de la quinta temporada de la serie de\u00a0Paramount+ &#8220;The Good Fight&#8221;. En el cap\u00edtulo se discute qu\u00e9 temas ser\u00edan muy sensibles o se considerar\u00edan fuera de lugar para ser parte de un n\u00famero de [&hellip;]<\/p>\n","protected":false},"author":35,"featured_media":20281,"comment_status":"open","ping_status":"open","sticky":false,"template":"","format":"standard","meta":{"_monsterinsights_skip_tracking":false,"_monsterinsights_sitenote_active":false,"_monsterinsights_sitenote_note":"","_monsterinsights_sitenote_category":0,"footnotes":""},"categories":[576],"tags":[1766,126,5389],"class_list":["post-20280","post","type-post","status-publish","format-standard","has-post-thumbnail","hentry","category-ocio","tag-paramount","tag-selena-gomez","tag-trasplante","wp-image-borders"],"amp_enabled":true,"_links":{"self":[{"href":"https:\/\/nvnoticias.mx\/index.php\/wp-json\/wp\/v2\/posts\/20280","targetHints":{"allow":["GET"]}}],"collection":[{"href":"https:\/\/nvnoticias.mx\/index.php\/wp-json\/wp\/v2\/posts"}],"about":[{"href":"https:\/\/nvnoticias.mx\/index.php\/wp-json\/wp\/v2\/types\/post"}],"author":[{"embeddable":true,"href":"https:\/\/nvnoticias.mx\/index.php\/wp-json\/wp\/v2\/users\/35"}],"replies":[{"embeddable":true,"href":"https:\/\/nvnoticias.mx\/index.php\/wp-json\/wp\/v2\/comments?post=20280"}],"version-history":[{"count":1,"href":"https:\/\/nvnoticias.mx\/index.php\/wp-json\/wp\/v2\/posts\/20280\/revisions"}],"predecessor-version":[{"id":20282,"href":"https:\/\/nvnoticias.mx\/index.php\/wp-json\/wp\/v2\/posts\/20280\/revisions\/20282"}],"wp:featuredmedia":[{"embeddable":true,"href":"https:\/\/nvnoticias.mx\/index.php\/wp-json\/wp\/v2\/media\/20281"}],"wp:attachment":[{"href":"https:\/\/nvnoticias.mx\/index.php\/wp-json\/wp\/v2\/media?parent=20280"}],"wp:term":[{"taxonomy":"category","embeddable":true,"href":"https:\/\/nvnoticias.mx\/index.php\/wp-json\/wp\/v2\/categories?post=20280"},{"taxonomy":"post_tag","embeddable":true,"href":"https:\/\/nvnoticias.mx\/index.php\/wp-json\/wp\/v2\/tags?post=20280"}],"curies":[{"name":"wp","href":"https:\/\/api.w.org\/{rel}","templated":true}]}}