{"id":202795,"date":"2025-12-06T11:36:30","date_gmt":"2025-12-06T17:36:30","guid":{"rendered":"https:\/\/nvnoticias.mx\/?p=202795"},"modified":"2025-12-06T11:36:35","modified_gmt":"2025-12-06T17:36:35","slug":"crece-el-interes-industrial-en-el-puerto-de-tuxpan","status":"publish","type":"post","link":"https:\/\/nvnoticias.mx\/index.php\/2025\/12\/06\/crece-el-interes-industrial-en-el-puerto-de-tuxpan\/","title":{"rendered":"Crece el inter\u00e9s industrial en el Puerto de Tuxpan"},"content":{"rendered":"\n<p><\/p>\n\n\n\n<p><strong>Jes\u00fas Utrilla &#8211; NV Noticias<\/strong><\/p>\n\n\n\n<p>El Puerto de Tuxpan se perfila como uno de los polos de desarrollo m\u00e1s atractivos del norte veracruzano luego de que se aprobaran esquemas que permiten a las empresas adquirir tierra y comenzar a pagarla hasta dentro de diez a\u00f1os.<\/p>\n\n\n\n<p>Jos\u00e9 Antonio Marqu\u00ednez Seemann, presidente de la Asociaci\u00f3n de Industriales del Estado de Veracruz (AIEVAC), dijo que este modelo, que no se logr\u00f3 implementar en el Corredor Interoce\u00e1nico, abre la puerta a que m\u00e1s compa\u00f1\u00edas consideren instalarse en la zona.<\/p>\n\n\n\n<p>Consultado sobre el panorama energ\u00e9tico y las recientes disposiciones en materia de infraestructura industrial, explic\u00f3 que uno de los factores\u00a0 para detonar proyectos en la regi\u00f3n ser\u00e1 el acceso a energ\u00eda suficiente y con mejores condiciones administrativas.<\/p>\n\n\n\n<blockquote class=\"wp-block-quote is-layout-flow wp-block-quote-is-layout-flow\">\n<p>\u201cComisi\u00f3n Federal de Electricidad recibi\u00f3 instrucciones federales para abrir la generaci\u00f3n de energ\u00eda puntual en el caso de la energ\u00eda solar de 0.5 megas a 0.7, y ya autorizaron poner centros de generaci\u00f3n para empresas individuales, eso antes estaba cancelado y ahora ya lo abrieron, lo cual es una buena se\u00f1al porque el pa\u00eds necesita energ\u00eda y hoy la facilidad administrativa es un \u00e9xito\u201d.<\/p>\n<\/blockquote>\n\n\n\n<p>El dirigente industrial indic\u00f3 que el incremento de 500 a 700 KVA en la generaci\u00f3n permitida para uso empresarial tambi\u00e9n impulsar\u00e1 a las compa\u00f1\u00edas proveedoras de paneles solares, que ahora podr\u00e1n reactivar proyectos detenidos. Agreg\u00f3 que muchas firmas est\u00e1n obligadas a obtener certificaciones de energ\u00edas limpias por exigencia de sus clientes, por lo que esta ampliaci\u00f3n representa un est\u00edmulo adicional para el sector.<\/p>\n\n\n\n<p>Respecto a Tuxpan, Marqu\u00ednez Seemann destac\u00f3 que la reci\u00e9n aprobada adecuaci\u00f3n para diferir pagos por terrenos industriales hasta una d\u00e9cada generar\u00e1 condiciones m\u00e1s competitivas y favorecer\u00e1 la llegada de proyectos log\u00edsticos, educativos y de manufactura. Subray\u00f3 que este esquema podr\u00eda convertirse en un detonante para el crecimiento regional al ofrecer certezas que antes no exist\u00edan.<\/p>\n","protected":false},"excerpt":{"rendered":"<p>Jes\u00fas Utrilla &#8211; NV Noticias El Puerto de Tuxpan se perfila como uno de los polos de desarrollo m\u00e1s atractivos del norte veracruzano luego de que se aprobaran esquemas que permiten a las empresas adquirir tierra y comenzar a pagarla hasta dentro de diez a\u00f1os. Jos\u00e9 Antonio Marqu\u00ednez Seemann, presidente de la Asociaci\u00f3n de Industriales [&hellip;]<\/p>\n","protected":false},"author":6,"featured_media":202796,"comment_status":"open","ping_status":"open","sticky":false,"template":"","format":"standard","meta":{"_monsterinsights_skip_tracking":false,"_monsterinsights_sitenote_active":false,"_monsterinsights_sitenote_note":"","_monsterinsights_sitenote_category":0,"footnotes":""},"categories":[156],"tags":[162,2236],"class_list":["post-202795","post","type-post","status-publish","format-standard","has-post-thumbnail","hentry","category-estado","tag-portada","tag-tuxpan","wp-image-borders"],"amp_enabled":true,"_links":{"self":[{"href":"https:\/\/nvnoticias.mx\/index.php\/wp-json\/wp\/v2\/posts\/202795","targetHints":{"allow":["GET"]}}],"collection":[{"href":"https:\/\/nvnoticias.mx\/index.php\/wp-json\/wp\/v2\/posts"}],"about":[{"href":"https:\/\/nvnoticias.mx\/index.php\/wp-json\/wp\/v2\/types\/post"}],"author":[{"embeddable":true,"href":"https:\/\/nvnoticias.mx\/index.php\/wp-json\/wp\/v2\/users\/6"}],"replies":[{"embeddable":true,"href":"https:\/\/nvnoticias.mx\/index.php\/wp-json\/wp\/v2\/comments?post=202795"}],"version-history":[{"count":2,"href":"https:\/\/nvnoticias.mx\/index.php\/wp-json\/wp\/v2\/posts\/202795\/revisions"}],"predecessor-version":[{"id":202798,"href":"https:\/\/nvnoticias.mx\/index.php\/wp-json\/wp\/v2\/posts\/202795\/revisions\/202798"}],"wp:featuredmedia":[{"embeddable":true,"href":"https:\/\/nvnoticias.mx\/index.php\/wp-json\/wp\/v2\/media\/202796"}],"wp:attachment":[{"href":"https:\/\/nvnoticias.mx\/index.php\/wp-json\/wp\/v2\/media?parent=202795"}],"wp:term":[{"taxonomy":"category","embeddable":true,"href":"https:\/\/nvnoticias.mx\/index.php\/wp-json\/wp\/v2\/categories?post=202795"},{"taxonomy":"post_tag","embeddable":true,"href":"https:\/\/nvnoticias.mx\/index.php\/wp-json\/wp\/v2\/tags?post=202795"}],"curies":[{"name":"wp","href":"https:\/\/api.w.org\/{rel}","templated":true}]}}