{"id":202786,"date":"2025-12-06T11:25:01","date_gmt":"2025-12-06T17:25:01","guid":{"rendered":"https:\/\/nvnoticias.mx\/?p=202786"},"modified":"2025-12-06T11:25:06","modified_gmt":"2025-12-06T17:25:06","slug":"cuitlahuac-redujo-dinero-a-programas-sociales","status":"publish","type":"post","link":"https:\/\/nvnoticias.mx\/index.php\/2025\/12\/06\/cuitlahuac-redujo-dinero-a-programas-sociales\/","title":{"rendered":"Cuitl\u00e1huac redujo dinero a programas sociales\u00a0"},"content":{"rendered":"\n<p><\/p>\n\n\n\n<p><strong>Sam Ojeda &#8211; NV Noticias<\/strong><\/p>\n\n\n\n<p>Xalapa.- Al cierre del sexenio de Cuitl\u00e1huac Garc\u00eda Jim\u00e9nez, Veracruz report\u00f3 m\u00e1s programas sociales en operaci\u00f3n que el a\u00f1o anterior, pero con un desplome hist\u00f3rico en los recursos destinados a este rubro, seg\u00fan el Censo Nacional de Gobierno Federal y Gobiernos Estatales del INEGI.<\/p>\n\n\n\n<p>Mientras a nivel nacional el presupuesto para programas sociales creci\u00f3 15 por ciento durante 2024, Veracruz fue en sentido contrario. La entidad se coloc\u00f3 entre los estados con mayores recortes en este rubro, solo superada por Jalisco y Chihuahua.<\/p>\n\n\n\n<p>En n\u00fameros absolutos, el ajuste es contundente. Durante 2023, el gobierno estatal ejerci\u00f3 5 mil 933 millones de pesos en programas de desarrollo social. Para 2024, el monto cay\u00f3 a apenas 1 mil 628 millones de pesos, una reducci\u00f3n de casi 73 por ciento.<\/p>\n\n\n\n<p>Parad\u00f3jicamente, el recorte ocurri\u00f3 al mismo tiempo que se increment\u00f3 el n\u00famero de programas. De tener 26 acciones sociales en 2023, el estado pas\u00f3 a operar 38 en 2024, es decir, 12 programas m\u00e1s en un solo a\u00f1o, lo que representa un crecimiento de 46.2 por ciento en la oferta de apoyos sociales.<\/p>\n\n\n\n<p>El propio censo advierte vac\u00edos en los mecanismos de vigilancia. De los 38 programas reportados en 2024, \u00fanicamente 24 contaron con contralor\u00eda social o un esquema similar de supervisi\u00f3n, mientras que 12 no informaron contar con este control y en dos casos no fue aplicable.<\/p>\n\n\n\n<p>En materia de padrones, 35 programas s\u00ed reportaron listado de personas beneficiarias, pero tres operaron sin este requisito b\u00e1sico de transparencia, un dato que se suma a las observaciones sobre el manejo de la pol\u00edtica social durante el \u00faltimo tramo del gobierno de Garc\u00eda Jim\u00e9nez.<\/p>\n","protected":false},"excerpt":{"rendered":"<p>Sam Ojeda &#8211; NV Noticias Xalapa.- Al cierre del sexenio de Cuitl\u00e1huac Garc\u00eda Jim\u00e9nez, Veracruz report\u00f3 m\u00e1s programas sociales en operaci\u00f3n que el a\u00f1o anterior, pero con un desplome hist\u00f3rico en los recursos destinados a este rubro, seg\u00fan el Censo Nacional de Gobierno Federal y Gobiernos Estatales del INEGI. Mientras a nivel nacional el presupuesto [&hellip;]<\/p>\n","protected":false},"author":6,"featured_media":165179,"comment_status":"open","ping_status":"open","sticky":false,"template":"","format":"standard","meta":{"_monsterinsights_skip_tracking":false,"_monsterinsights_sitenote_active":false,"_monsterinsights_sitenote_note":"","_monsterinsights_sitenote_category":0,"footnotes":""},"categories":[156],"tags":[214,939,2550],"class_list":["post-202786","post","type-post","status-publish","format-standard","has-post-thumbnail","hentry","category-estado","tag-cuitlahuac","tag-dinero","tag-programas-sociales","wp-image-borders"],"amp_enabled":true,"_links":{"self":[{"href":"https:\/\/nvnoticias.mx\/index.php\/wp-json\/wp\/v2\/posts\/202786","targetHints":{"allow":["GET"]}}],"collection":[{"href":"https:\/\/nvnoticias.mx\/index.php\/wp-json\/wp\/v2\/posts"}],"about":[{"href":"https:\/\/nvnoticias.mx\/index.php\/wp-json\/wp\/v2\/types\/post"}],"author":[{"embeddable":true,"href":"https:\/\/nvnoticias.mx\/index.php\/wp-json\/wp\/v2\/users\/6"}],"replies":[{"embeddable":true,"href":"https:\/\/nvnoticias.mx\/index.php\/wp-json\/wp\/v2\/comments?post=202786"}],"version-history":[{"count":2,"href":"https:\/\/nvnoticias.mx\/index.php\/wp-json\/wp\/v2\/posts\/202786\/revisions"}],"predecessor-version":[{"id":202791,"href":"https:\/\/nvnoticias.mx\/index.php\/wp-json\/wp\/v2\/posts\/202786\/revisions\/202791"}],"wp:featuredmedia":[{"embeddable":true,"href":"https:\/\/nvnoticias.mx\/index.php\/wp-json\/wp\/v2\/media\/165179"}],"wp:attachment":[{"href":"https:\/\/nvnoticias.mx\/index.php\/wp-json\/wp\/v2\/media?parent=202786"}],"wp:term":[{"taxonomy":"category","embeddable":true,"href":"https:\/\/nvnoticias.mx\/index.php\/wp-json\/wp\/v2\/categories?post=202786"},{"taxonomy":"post_tag","embeddable":true,"href":"https:\/\/nvnoticias.mx\/index.php\/wp-json\/wp\/v2\/tags?post=202786"}],"curies":[{"name":"wp","href":"https:\/\/api.w.org\/{rel}","templated":true}]}}