{"id":20276,"date":"2021-08-05T11:58:33","date_gmt":"2021-08-05T16:58:33","guid":{"rendered":"https:\/\/nvnoticias.mx\/?p=20276"},"modified":"2021-08-05T11:58:34","modified_gmt":"2021-08-05T16:58:34","slug":"se-cayo-tito","status":"publish","type":"post","link":"https:\/\/nvnoticias.mx\/index.php\/2021\/08\/05\/se-cayo-tito\/","title":{"rendered":"\u00bfSe cay\u00f3 Tito?&#8230;"},"content":{"rendered":"\n<p><strong>Ricardo&nbsp;Chua<\/strong>&nbsp;<\/p>\n\n\n\n<p>A LA SALUD DE SERGIO&#8230; Desde este espacio le mandamos buenas vibras al amigo, compa\u00f1ero, &#8220;c\u00f3mplice&#8221; de los mi\u00e9rcoles por la noche en los programas de an\u00e1lisis pol\u00edtico, Sergio Palencia, qui\u00e9n se encuentra luchando por su vida en contra de ese mal, tan famoso, el cual no ha tocado vivir en esta \u00e9poca&#8230; Palencia, un periodista aguerrido, &#8220;acido&#8221; en sus comentarios, enamorado de su familia y de su trabajo&#8230; Tiene a\u00fan muchos proyectos por cumplir&#8230; \u00c1NIMO mi buen Sergio&#8230; Recup\u00e9rate&#8230; Tlalixcoyan te espera&#8230;&nbsp;&nbsp;<\/p>\n\n\n\n<p>Conocemos a Sergio Palencia desde hace muchos a\u00f1os&#8230; Desde que nos obsequiaba de manera generosa cajas y m\u00e1s cajas de mango de su tierra&#8230; Siempre dec\u00eda: &#8220;Pa&nbsp;que se endulcen y dejen de -destruir- vidas&#8221;&#8230; Serio, trabajador y &#8220;amante&#8221; de los tacos&#8230; \u00c1vido lector y severo cr\u00edtico&#8230; Hoy est\u00e1 hospitalizado luchando por recuperarse&#8230; Esperemos que hoy al estar leyendo esto, se tenga la noticia de que va mejorando de salud&#8230; FUERZA SERGIO&#8230;. ESTAMOS CONTIGO&#8230;&nbsp;&nbsp;<\/p>\n\n\n\n<p>\u00bfSE CAY\u00d3 TITO? &#8230; Nos cuenta que en la b\u00fasqueda de la dirigencia estatal del PAN en Veracruz&#8230; Posiblemente haya un cambio de estafeta de manera interna entre el grupo de Los Yunes Azules para continuar su lucha por la presidencia de partido, al parecer, Tito Delf\u00edn no levant\u00f3 expectativas&#8230; Y tal como lo mencionamos en espacios pasados de esta columna&#8230; Que esto iba a pasar&#8230;. Ahora Tito tendr\u00e1 que darle el paso a su hija para que se quede como aspirante a la Secretar\u00eda General del CDE en la planilla de los Yunes Azules&#8230;&nbsp;<\/p>\n\n\n\n<p>Nos dicen que han medido al de Tierra Blanca y no tiene expectativa de crecimiento pol\u00edtico&#8230; Por eso, pronto tendr\u00e1n un reemplazo en esa campa\u00f1a&#8230; Y si algo raro, no sucede el REMPLAZO DE LUJO para esa candidatura a la dirigencia estatal de su partido, ser\u00eda directamente Miguel \u00c1ngel Yunes M\u00e1rquez&#8230;. As\u00ed como lo leen&#8230; &#8220;El Chiqui&#8221; Yunes en lugar de Tito Delf\u00edn, ya que al medirlo qued\u00f3 muy abajo de las preferencias electorales de Veracruz&#8230; Por eso lo cambian&#8230;&nbsp;<\/p>\n\n\n\n<p>Puede ser que en los pr\u00f3ximos d\u00edas&#8230; Se&nbsp;de el&nbsp;anuncio del cambio de estafeta y se haga p\u00fablico el tema&#8230; De esa manera, se de conocer con quienes queda integrado la nueva planilla azul, que le competir\u00e1 al interior del PAN contra la de Joaqu\u00edn Guzm\u00e1n Avil\u00e9s, &#8220;El Chapito&#8221; para quedar en el CDE&#8230; Hay que ver si tambi\u00e9n a la llegada de Miguel \u00c1ngel, le da esos bonos que necesita esa candidatura&#8230; Ante lo &#8220;desinflado&#8221; que lo est\u00e1 dejando Tito Delf\u00edn y poderle dar pelea a Guzm\u00e1n Avil\u00e9s que busca su reelecci\u00f3n&#8230;&nbsp;<\/p>\n\n\n\n<p>Esto era algo esperado&#8230;&nbsp;Ya que&nbsp;entre la militancia activa del PAN, que ser\u00e1n los que votar\u00e1n en la elecci\u00f3n de noviembre pr\u00f3ximo para renovar el comit\u00e9 estatal&#8230; Hay mucha molestia con Tito Delf\u00edn y Enrique Cambranis porque a pesar de que les dieron candidaturas a &#8220;manos llenas&#8221;, desplazando a liderazgos regionales panistas&#8230; No ganaron electoralmente nada&#8230; Sufrieron sendas derrotas en las urnas con sus candidatos&#8230; Y por ello, est\u00e1n d\u00e9biles ante la militancia y se est\u00e1n quedando sin respaldo&#8230;&nbsp;<\/p>\n\n\n\n<p>Por ello, es que los n\u00fameros no mienten en las encuestas que debieron haber realizado al interior de su partido&#8230; Y con el fin de que esto NO provoque m\u00e1s da\u00f1o pol\u00edtico al grupo y movimiento al interior del PAN, que lo apoya en la b\u00fasqueda por la&nbsp;presidencia del&nbsp;partido&#8230; Es por eso, que posiblemente sea el mismo Yunes M\u00e1rquez, el nuevo &#8220;ungido&#8221; para lograr ganar la dirigencia de su partido&#8230; La apuesta por Tito no fue la correcta porque la militancia la rechaz\u00f3&#8230; Miguel, sin duda, dar\u00e1 m\u00e1s pelea&#8230; ELLOS NO HAN PERDIDO&#8230; AMEN&#8230;&nbsp;&nbsp;<\/p>\n\n\n\n<p>EL &#8220;PASTOR&#8221; DE LOS &#8220;VERDES&#8221;&#8230; Los grupos del PVEM ligados a Manuel Velasco Coello, senador y l\u00edder de este partido en M\u00e9xico&#8230; Tienen la intenci\u00f3n de colocar en Veracruz como su nuevo l\u00edder estatal a Alberto Silva Ramos&#8230; Despu\u00e9s del respaldo que le pueda dar uno de los &#8220;jefes natos&#8221; de este partido en Veracruz: Javier Herrera Borunda&#8230; Uno de los hombres m\u00e1s cercanos al ex gobernador chiapaneco&#8230; Con esos apoyos, pr\u00e1cticamente, &#8220;El Cisne&#8221; ser\u00e1 el nuevo &#8220;pastor&#8221; de &#8220;Los Verdes&#8221;&#8230;&nbsp;<\/p>\n\n\n\n<p>Pese a que en este momento&#8230; El PVEM tiene una alianza pol\u00edtica y de gobierno con MORENA&#8230; Este partido tiene m\u00e1s &#8220;hechura&#8221; priista que cualquier otro&#8230; M\u00e1s que el PRD o el propio MORENA&#8230; Por eso, ante la posibilidad de la llegada de Silva Ramos&#8230; Todos aquellos personajes que no interact\u00faan con MORENA y que desde hace a\u00f1os se alejaron del PRI, pero quieren seguir haciendo &#8220;grilla&#8221;, ven en Silva un tema favorable&#8230; Y con ello, fortalecer al &#8220;Verde&#8221;&#8230;&nbsp;<\/p>\n\n\n\n<p>Ya que&nbsp;en este momento, el PVEM se puede decir que junto con Movimiento Ciudadano est\u00e1n en su mejor etapa&#8230; Y con gran crecimiento pol\u00edtico en Veracruz&#8230;&nbsp;Adem\u00e1s&nbsp;ante la inminente llegada del actual l\u00edder estatal, Marcelo Ruiz, al Congreso Local&#8230; Es casi un hecho que se tendr\u00e1 que renovar la dirigencia estatal de este partido&#8230; Es ah\u00ed donde la figura de Silva Ramos crece porque es un personaje que ha caminado en Veracruz, en su momento, con el PRI&#8230; Ahora lo har\u00eda con este partido&#8230;&nbsp;<\/p>\n\n\n\n<p>Adem\u00e1s&nbsp;uno de los fuertes argumentos que respalda al tuxpe\u00f1o para quedarse en el PVEM&#8230; Es que fue uno de los personajes m\u00e1s votados por su partido en la entidad&#8230; El 10 por ciento de los votos totales del &#8220;Verde&#8221; lo tuvo Silva s\u00f3lo en Tuxpan&#8230; Este 2021 sac\u00f3 m\u00e1s sufragios que cuando fue diputado federal en el 2015&#8230; Todo esto aunado con la cercan\u00eda de Manuel Velasco y con el aval de Javier Herrera&#8230; Hace m\u00e1s inminente su llegada al PVEM en Veracruz dentro de unas semanas&#8230;&nbsp;&nbsp;<\/p>\n\n\n\n<p>Finalmente, pese a no ser del mismo partido&nbsp;pol\u00edtico&nbsp;pero con una alianza de por medio&#8230; &#8220;El Cisne&#8221; Silva no tiene problema de alg\u00fan tipo de &#8220;veto&#8221; pol\u00edtico con el gobernador, Cuitl\u00e1huac Garc\u00eda, con el cual transita desde que ambos fueron diputados federales en 2015&#8230;&nbsp;Adem\u00e1s&nbsp;lleva una buena relaci\u00f3n con el senador con licencia, Ricardo Ahued&#8230; El pasado y futuro de MORENA en Veracruz&#8230; As\u00ed que se puede decir que todo est\u00e1 puesto para la llegada de &#8220;El Cisne&#8221;&#8230;&nbsp;<\/p>\n","protected":false},"excerpt":{"rendered":"<p>Ricardo&nbsp;Chua&nbsp; A LA SALUD DE SERGIO&#8230; Desde este espacio le mandamos buenas vibras al amigo, compa\u00f1ero, &#8220;c\u00f3mplice&#8221; de los mi\u00e9rcoles por la noche en los programas de an\u00e1lisis pol\u00edtico, Sergio Palencia, qui\u00e9n se encuentra luchando por su vida en contra de ese mal, tan famoso, el cual no ha tocado vivir en esta \u00e9poca&#8230; Palencia, [&hellip;]<\/p>\n","protected":false},"author":29,"featured_media":20277,"comment_status":"open","ping_status":"open","sticky":false,"template":"","format":"standard","meta":{"_monsterinsights_skip_tracking":false,"_monsterinsights_sitenote_active":false,"_monsterinsights_sitenote_note":"","_monsterinsights_sitenote_category":0,"footnotes":""},"categories":[245],"tags":[327],"class_list":["post-20276","post","type-post","status-publish","format-standard","has-post-thumbnail","hentry","category-dialogos-de-poder","tag-ricardo-chua","wp-image-borders"],"amp_enabled":true,"_links":{"self":[{"href":"https:\/\/nvnoticias.mx\/index.php\/wp-json\/wp\/v2\/posts\/20276","targetHints":{"allow":["GET"]}}],"collection":[{"href":"https:\/\/nvnoticias.mx\/index.php\/wp-json\/wp\/v2\/posts"}],"about":[{"href":"https:\/\/nvnoticias.mx\/index.php\/wp-json\/wp\/v2\/types\/post"}],"author":[{"embeddable":true,"href":"https:\/\/nvnoticias.mx\/index.php\/wp-json\/wp\/v2\/users\/29"}],"replies":[{"embeddable":true,"href":"https:\/\/nvnoticias.mx\/index.php\/wp-json\/wp\/v2\/comments?post=20276"}],"version-history":[{"count":1,"href":"https:\/\/nvnoticias.mx\/index.php\/wp-json\/wp\/v2\/posts\/20276\/revisions"}],"predecessor-version":[{"id":20278,"href":"https:\/\/nvnoticias.mx\/index.php\/wp-json\/wp\/v2\/posts\/20276\/revisions\/20278"}],"wp:featuredmedia":[{"embeddable":true,"href":"https:\/\/nvnoticias.mx\/index.php\/wp-json\/wp\/v2\/media\/20277"}],"wp:attachment":[{"href":"https:\/\/nvnoticias.mx\/index.php\/wp-json\/wp\/v2\/media?parent=20276"}],"wp:term":[{"taxonomy":"category","embeddable":true,"href":"https:\/\/nvnoticias.mx\/index.php\/wp-json\/wp\/v2\/categories?post=20276"},{"taxonomy":"post_tag","embeddable":true,"href":"https:\/\/nvnoticias.mx\/index.php\/wp-json\/wp\/v2\/tags?post=20276"}],"curies":[{"name":"wp","href":"https:\/\/api.w.org\/{rel}","templated":true}]}}