{"id":202752,"date":"2025-12-05T14:07:53","date_gmt":"2025-12-05T20:07:53","guid":{"rendered":"https:\/\/nvnoticias.mx\/?p=202752"},"modified":"2025-12-05T14:11:46","modified_gmt":"2025-12-05T20:11:46","slug":"a-correr-todo-listo-para-el-5-maraton-bambino-veracruz-2025","status":"publish","type":"post","link":"https:\/\/nvnoticias.mx\/index.php\/2025\/12\/05\/a-correr-todo-listo-para-el-5-maraton-bambino-veracruz-2025\/","title":{"rendered":"\u00a1A Correr! Todo listo para el 5\u00b0 Marat\u00f3n Bambino Veracruz 2025"},"content":{"rendered":"\n<p>Todo est\u00e1 listo para el 5\u00b0 Marat\u00f3n Bambino Veracruz 2025, que este 7 de diciembre reunir\u00e1 a miles de corredores en el ic\u00f3nico boulevard de Veracruz\u2013Boca del R\u00edo.<\/p>\n\n\n\n<p><br>La zona conurbada Veracruz\u2013Boca del R\u00edo se prepara para recibir a miles de corredores el pr\u00f3ximo domingo 7 de diciembre, cuando se realice la quinta edici\u00f3n del <strong>Marat\u00f3n Bambino Veracruz 2025<\/strong>, uno de los eventos deportivos m\u00e1s importantes del estado y un referente nacional por su organizaci\u00f3n, log\u00edstica y atractivo tur\u00edstico.<br>La competencia incluir\u00e1 dos distancias: 42 kil\u00f3metros (marat\u00f3n) y 21 kil\u00f3metros (medio marat\u00f3n). Ambas arrancar\u00e1n desde Plaza del Migrante, punto que tambi\u00e9n fungir\u00e1 como meta.<br>Horarios y log\u00edstica de salida<br>Marat\u00f3n 42K<\/p>\n\n\n\n<ul class=\"wp-block-list\">\n<li>Llegada de participantes: 5:00 h<\/li>\n\n\n\n<li>Salida: 5:30 h<\/li>\n\n\n\n<li>Tiempo l\u00edmite: 6 horas<\/li>\n<\/ul>\n\n\n\n<p>Medio Marat\u00f3n 21K<\/p>\n\n\n\n<ul class=\"wp-block-list\">\n<li>Llegada de participantes: 5:15 h<\/li>\n\n\n\n<li>Salida: 5:45 h<\/li>\n\n\n\n<li>Tiempo l\u00edmite: 3 horas<\/li>\n<\/ul>\n\n\n\n<p>Las autoridades recomiendan llegar con anticipaci\u00f3n para ubicar sanitarios, puntos de calentamiento y zonas de acceso controlado.<br>Rutas: el Boulevard como protagonista<br>Las dos distancias tendr\u00e1n como escenario principal el Boulevard Manuel \u00c1vila Camacho, recorriendo la zona centro del puerto de Veracruz y puntos ic\u00f3nicos de Boca del R\u00edo.<br>Marat\u00f3n (42K)<br>Ruta dividida en dos etapas (Km 1\u201321 y Km 21\u201342), que abarca sitios emblem\u00e1ticos como:<\/p>\n\n\n\n<ul class=\"wp-block-list\">\n<li><strong>Ayuntamiento de Veracruz<\/strong><\/li>\n\n\n\n<li>Faro Venustiano Carranza<\/li>\n\n\n\n<li>Asta Bandera<\/li>\n\n\n\n<li>Doc Towers<\/li>\n\n\n\n<li>Parroquia de Veracruz<\/li>\n\n\n\n<li>Estatua de Juan Pablo II<\/li>\n<\/ul>\n\n\n\n<p>Medio Marat\u00f3n (21K)<br>Dos etapas (Km 1\u201310.5 y Km 10.5\u201321), con vistas a:<\/p>\n\n\n\n<ul class=\"wp-block-list\">\n<li>Plaza del Migrante<\/li>\n\n\n\n<li>Hotel Lois<\/li>\n\n\n\n<li>Escultura Sirena<\/li>\n\n\n\n<li>Centro Comercial Andamar<\/li>\n<\/ul>\n\n\n\n<p>Entrega de paquetes<br>Los corredores deber\u00e1n recoger su kit el s\u00e1bado 6 de diciembre, en el Auditorio Benito Ju\u00e1rez, frente a la central de autobuses ADO, de 9:00 a 19:00 horas.<\/p>\n\n\n\n<figure class=\"wp-block-image size-large\"><img loading=\"lazy\" decoding=\"async\" width=\"819\" height=\"1024\" src=\"https:\/\/nvnoticias.mx\/wp-content\/uploads\/2025\/12\/image-15-819x1024.png\" alt=\"\" class=\"wp-image-202759\" srcset=\"https:\/\/nvnoticias.mx\/wp-content\/uploads\/2025\/12\/image-15-819x1024.png 819w, https:\/\/nvnoticias.mx\/wp-content\/uploads\/2025\/12\/image-15-240x300.png 240w, https:\/\/nvnoticias.mx\/wp-content\/uploads\/2025\/12\/image-15-768x960.png 768w, https:\/\/nvnoticias.mx\/wp-content\/uploads\/2025\/12\/image-15.png 1080w\" sizes=\"auto, (max-width: 819px) 100vw, 819px\" \/><\/figure>\n\n\n\n<figure class=\"wp-block-image size-large\"><img loading=\"lazy\" decoding=\"async\" width=\"819\" height=\"1024\" src=\"https:\/\/nvnoticias.mx\/wp-content\/uploads\/2025\/12\/image-16-819x1024.png\" alt=\"\" class=\"wp-image-202760\" srcset=\"https:\/\/nvnoticias.mx\/wp-content\/uploads\/2025\/12\/image-16-819x1024.png 819w, https:\/\/nvnoticias.mx\/wp-content\/uploads\/2025\/12\/image-16-240x300.png 240w, https:\/\/nvnoticias.mx\/wp-content\/uploads\/2025\/12\/image-16-768x960.png 768w, https:\/\/nvnoticias.mx\/wp-content\/uploads\/2025\/12\/image-16.png 1152w\" sizes=\"auto, (max-width: 819px) 100vw, 819px\" \/><\/figure>\n\n\n\n<p><br><\/p>\n\n\n\n<p><br><br><strong>Requisitos<\/strong>:<\/p>\n\n\n\n<ul class=\"wp-block-list\">\n<li>Identificaci\u00f3n oficial (INE, pasaporte o licencia).<\/li>\n\n\n\n<li>Carta de Exoneraci\u00f3n descargable desde el sitio oficial.<\/li>\n<\/ul>\n\n\n\n<p>La inscripci\u00f3n incluye: n\u00famero de corredor, playera oficial, chip, cena de carbohidratos, guardarropa, shot de caf\u00e9 previo a la salida, hidrataci\u00f3n, medalla, pizza y una cerveza en meta.<br>Reglas, servicios y recomendaciones<br>Reglas obligatorias:<\/p>\n\n\n\n<ul class=\"wp-block-list\">\n<li>Pasar por todos los tapetes de cronometraje.<\/li>\n\n\n\n<li>Portar el n\u00famero al frente.<\/li>\n\n\n\n<li>Prohibido correr con carriolas, ni\u00f1os o mascotas.<\/li>\n<\/ul>\n\n\n\n<p><em><strong>Servicios en ruta:<\/strong><\/em><\/p>\n\n\n\n<ul class=\"wp-block-list\">\n<li>Estaciones de hidrataci\u00f3n (agua Ciel y Electrolit)<\/li>\n\n\n\n<li>Sanitarios en puntos estrat\u00e9gicos<\/li>\n\n\n\n<li>Servicio m\u00e9dico por Hospital D\u2019Mar\u00eda<\/li>\n\n\n\n<li>Zonas de porras designadas<\/li>\n<\/ul>\n\n\n\n<p>Zona de recuperaci\u00f3n en meta:<\/p>\n\n\n\n<ul class=\"wp-block-list\">\n<li>Hidrataci\u00f3n<\/li>\n\n\n\n<li>Servicio m\u00e9dico<\/li>\n\n\n\n<li>Fisioterapia por FISIUM<\/li>\n\n\n\n<li>Pizza y cerveza cortes\u00eda de Clipperton<br>Tr\u00e1nsito y estacionamiento<br>Debido al cierre del boulevard y de calles del centro hist\u00f3rico, se recomienda programar con tiempo la llegada.<br>Para quienes asistan en autom\u00f3vil, se sugiere estacionarse en calles cercanas a Av. 16 de septiembre, lo m\u00e1s pr\u00f3ximo a Emiliano Zapata, para acceder caminando al corral de salida.<br>Los visitantes deben consultar si su hotel ofrece transporte o apoyo para solicitar un taxi seguro.<\/li>\n<\/ul>\n\n\n\n<p>Un impulso para el deporte y el turismo<br>El <strong>Marat\u00f3n Bambino Veracruz 2025<\/strong> se ha consolidado como un evento que fomenta el deporte, la convivencia familiar y el turismo deportivo, atrayendo corredores locales, nacionales e internacionales.<\/p>\n\n\n\n<p><\/p>\n","protected":false},"excerpt":{"rendered":"<p>Todo est\u00e1 listo para el 5\u00b0 Marat\u00f3n Bambino Veracruz 2025, que este 7 de diciembre reunir\u00e1 a miles de corredores en el ic\u00f3nico boulevard de Veracruz\u2013Boca del R\u00edo. La zona conurbada Veracruz\u2013Boca del R\u00edo se prepara para recibir a miles de corredores el pr\u00f3ximo domingo 7 de diciembre, cuando se realice la quinta edici\u00f3n del [&hellip;]<\/p>\n","protected":false},"author":35,"featured_media":202755,"comment_status":"open","ping_status":"open","sticky":false,"template":"","format":"standard","meta":{"_monsterinsights_skip_tracking":false,"_monsterinsights_sitenote_active":false,"_monsterinsights_sitenote_note":"","_monsterinsights_sitenote_category":0,"footnotes":""},"categories":[159],"tags":[423,561,32735,7028,32736,32734,15181,180],"class_list":["post-202752","post","type-post","status-publish","format-standard","has-post-thumbnail","hentry","category-deportes","tag-boca-del-rio","tag-deportes","tag-eventos-especiales","tag-maraton","tag-running","tag-salud-y-bienestar","tag-turismo-deportivo","tag-veracruz","wp-image-borders"],"amp_enabled":true,"_links":{"self":[{"href":"https:\/\/nvnoticias.mx\/index.php\/wp-json\/wp\/v2\/posts\/202752","targetHints":{"allow":["GET"]}}],"collection":[{"href":"https:\/\/nvnoticias.mx\/index.php\/wp-json\/wp\/v2\/posts"}],"about":[{"href":"https:\/\/nvnoticias.mx\/index.php\/wp-json\/wp\/v2\/types\/post"}],"author":[{"embeddable":true,"href":"https:\/\/nvnoticias.mx\/index.php\/wp-json\/wp\/v2\/users\/35"}],"replies":[{"embeddable":true,"href":"https:\/\/nvnoticias.mx\/index.php\/wp-json\/wp\/v2\/comments?post=202752"}],"version-history":[{"count":5,"href":"https:\/\/nvnoticias.mx\/index.php\/wp-json\/wp\/v2\/posts\/202752\/revisions"}],"predecessor-version":[{"id":202763,"href":"https:\/\/nvnoticias.mx\/index.php\/wp-json\/wp\/v2\/posts\/202752\/revisions\/202763"}],"wp:featuredmedia":[{"embeddable":true,"href":"https:\/\/nvnoticias.mx\/index.php\/wp-json\/wp\/v2\/media\/202755"}],"wp:attachment":[{"href":"https:\/\/nvnoticias.mx\/index.php\/wp-json\/wp\/v2\/media?parent=202752"}],"wp:term":[{"taxonomy":"category","embeddable":true,"href":"https:\/\/nvnoticias.mx\/index.php\/wp-json\/wp\/v2\/categories?post=202752"},{"taxonomy":"post_tag","embeddable":true,"href":"https:\/\/nvnoticias.mx\/index.php\/wp-json\/wp\/v2\/tags?post=202752"}],"curies":[{"name":"wp","href":"https:\/\/api.w.org\/{rel}","templated":true}]}}