{"id":202711,"date":"2025-12-05T12:27:28","date_gmt":"2025-12-05T18:27:28","guid":{"rendered":"https:\/\/nvnoticias.mx\/?p=202711"},"modified":"2025-12-05T12:27:36","modified_gmt":"2025-12-05T18:27:36","slug":"rosa-icela-rodriguez-felicita-al-congreso-por-aprobar-ley-de-aguas","status":"publish","type":"post","link":"https:\/\/nvnoticias.mx\/index.php\/2025\/12\/05\/rosa-icela-rodriguez-felicita-al-congreso-por-aprobar-ley-de-aguas\/","title":{"rendered":"Rosa Icela Rodr\u00edguez felicita al Congreso por aprobar Ley de Aguas"},"content":{"rendered":"\n<p>La\u00a0<strong>secretaria de Gobernaci\u00f3n<\/strong>, Rosa Icela Rodr\u00edguez, felicit\u00f3 al Congreso por a aprobaci\u00f3n de la\u00a0Ley General de Aguas enviada por la presidenta.\u00a0<\/p>\n\n\n\n<p>\u201cSe pondr\u00e1 orden en todo lo relativo a la cuesti\u00f3n h\u00eddrica. Vale la pena felicitar al Congreso por esta iniciativa de ley enviada por la presidenta de M\u00e9xico, adem\u00e1s agradecer a los grupos que participaron y dieron sus opiniones al respecto\u201d, dijo la funcionaria.<\/p>\n\n\n\n<p>El dictamen se present\u00f3 en el&nbsp;<strong>Senado<\/strong>&nbsp;el jueves 4 de diciembre, despu\u00e9s de que la C\u00e1mara de Diputados lo aprobara en lo general y en lo particular tras un debate de 24 horas.<\/p>\n\n\n\n<p>Al respecto, los senadores de Morena dispensaron tr\u00e1mites para que la iniciativa no pasara por comisiones y se abriera la discusi\u00f3n de la nueva Ley de Aguas en el pleno.<\/p>\n\n\n\n<p>Fuente: El <a href=\"https:\/\/www.elfinanciero.com.mx\/nacional\/2025\/12\/05\/claudia-sheinbaum-mananera-temas-hoy-5-de-diciembre-de-2025-en-vivo\/\">Financiero<\/a><\/p>\n","protected":false},"excerpt":{"rendered":"<p>La\u00a0secretaria de Gobernaci\u00f3n, Rosa Icela Rodr\u00edguez, felicit\u00f3 al Congreso por a aprobaci\u00f3n de la\u00a0Ley General de Aguas enviada por la presidenta.\u00a0 \u201cSe pondr\u00e1 orden en todo lo relativo a la cuesti\u00f3n h\u00eddrica. Vale la pena felicitar al Congreso por esta iniciativa de ley enviada por la presidenta de M\u00e9xico, adem\u00e1s agradecer a los grupos que [&hellip;]<\/p>\n","protected":false},"author":35,"featured_media":191937,"comment_status":"open","ping_status":"open","sticky":false,"template":"","format":"standard","meta":{"_monsterinsights_skip_tracking":false,"_monsterinsights_sitenote_active":false,"_monsterinsights_sitenote_note":"","_monsterinsights_sitenote_category":0,"footnotes":""},"categories":[158],"tags":[348,12610],"class_list":["post-202711","post","type-post","status-publish","format-standard","has-post-thumbnail","hentry","category-politica","tag-congreso","tag-rosa-icela-rodriguez","wp-image-borders"],"amp_enabled":true,"_links":{"self":[{"href":"https:\/\/nvnoticias.mx\/index.php\/wp-json\/wp\/v2\/posts\/202711","targetHints":{"allow":["GET"]}}],"collection":[{"href":"https:\/\/nvnoticias.mx\/index.php\/wp-json\/wp\/v2\/posts"}],"about":[{"href":"https:\/\/nvnoticias.mx\/index.php\/wp-json\/wp\/v2\/types\/post"}],"author":[{"embeddable":true,"href":"https:\/\/nvnoticias.mx\/index.php\/wp-json\/wp\/v2\/users\/35"}],"replies":[{"embeddable":true,"href":"https:\/\/nvnoticias.mx\/index.php\/wp-json\/wp\/v2\/comments?post=202711"}],"version-history":[{"count":3,"href":"https:\/\/nvnoticias.mx\/index.php\/wp-json\/wp\/v2\/posts\/202711\/revisions"}],"predecessor-version":[{"id":202714,"href":"https:\/\/nvnoticias.mx\/index.php\/wp-json\/wp\/v2\/posts\/202711\/revisions\/202714"}],"wp:featuredmedia":[{"embeddable":true,"href":"https:\/\/nvnoticias.mx\/index.php\/wp-json\/wp\/v2\/media\/191937"}],"wp:attachment":[{"href":"https:\/\/nvnoticias.mx\/index.php\/wp-json\/wp\/v2\/media?parent=202711"}],"wp:term":[{"taxonomy":"category","embeddable":true,"href":"https:\/\/nvnoticias.mx\/index.php\/wp-json\/wp\/v2\/categories?post=202711"},{"taxonomy":"post_tag","embeddable":true,"href":"https:\/\/nvnoticias.mx\/index.php\/wp-json\/wp\/v2\/tags?post=202711"}],"curies":[{"name":"wp","href":"https:\/\/api.w.org\/{rel}","templated":true}]}}