{"id":202693,"date":"2025-12-05T11:12:33","date_gmt":"2025-12-05T17:12:33","guid":{"rendered":"https:\/\/nvnoticias.mx\/?p=202693"},"modified":"2025-12-05T11:12:38","modified_gmt":"2025-12-05T17:12:38","slug":"no-hay-condiciones-para-renovar-la-fge-afirma-presidenta-del-congreso-de-veracruz","status":"publish","type":"post","link":"https:\/\/nvnoticias.mx\/index.php\/2025\/12\/05\/no-hay-condiciones-para-renovar-la-fge-afirma-presidenta-del-congreso-de-veracruz\/","title":{"rendered":"No hay condiciones para renovar la FGE, afirma presidenta del Congreso de Veracruz"},"content":{"rendered":"\n<p><\/p>\n\n\n\n<p><strong>Sam Ojeda &#8211; NV Noticias<\/strong><\/p>\n\n\n\n<p>Xalapa.- La presidenta de la Mesa Directiva del Congreso de Veracruz, Naom\u00ed Edith G\u00f3mez Santos, asegur\u00f3 que actualmente no existe ning\u00fan escenario que permita hablar de una renovaci\u00f3n en la titularidad de la Fiscal\u00eda General del Estado (FGE), pese a la reciente reforma constitucional que modifica el periodo y el proceso de ratificaci\u00f3n del cargo.<\/p>\n\n\n\n<p>La legisladora sostuvo que las modificaciones aprobadas por el Congreso y oficializadas este jueves en la Gaceta Oficial no implican, por s\u00ed mismas, la apertura inmediata de un relevo en la Fiscal\u00eda. Enfatiz\u00f3 que el objetivo de la reforma es ajustar los tiempos institucionales y evitar cargos transexenales, mas no precipitar un cambio.<\/p>\n\n\n\n<p>\u201cPor el momento solo estamos agilizando un tema de la Fiscal\u00eda, que ya no sea transexenal, sino que cada cuatro a\u00f1os haya una ratificaci\u00f3n a un fiscal y eso depender\u00e1 de si est\u00e1 o no haciendo bien su trabajo\u201d, explic\u00f3.<\/p>\n\n\n\n<p>G\u00f3mez Santos reiter\u00f3 que, hasta ahora, no se ha configurado ninguna circunstancia que justifique iniciar un procedimiento de renovaci\u00f3n.<\/p>\n\n\n\n<blockquote class=\"wp-block-quote is-layout-flow wp-block-quote-is-layout-flow\">\n<p>\u201cHasta ahorita no hay un escenario donde podamos decir de una renovaci\u00f3n porque como tal se est\u00e1 cumpliendo una funci\u00f3n\u201d, se\u00f1al\u00f3, al descartar que la aprobaci\u00f3n de la reforma tenga relaci\u00f3n con movimientos inmediatos en la instituci\u00f3n.<\/p>\n<\/blockquote>\n\n\n\n<p>A\u00f1adi\u00f3 que el Congreso no puede anticipar procesos sin causa.<\/p>\n\n\n\n<blockquote class=\"wp-block-quote is-layout-flow wp-block-quote-is-layout-flow\">\n<p>\u201cNo podemos llevar un proceso cuando no ha habido alguna circunstancia en la que digamos que la Fiscal\u00eda se tiene que renovar\u201d.<\/p>\n<\/blockquote>\n","protected":false},"excerpt":{"rendered":"<p>Sam Ojeda &#8211; NV Noticias Xalapa.- La presidenta de la Mesa Directiva del Congreso de Veracruz, Naom\u00ed Edith G\u00f3mez Santos, asegur\u00f3 que actualmente no existe ning\u00fan escenario que permita hablar de una renovaci\u00f3n en la titularidad de la Fiscal\u00eda General del Estado (FGE), pese a la reciente reforma constitucional que modifica el periodo y el [&hellip;]<\/p>\n","protected":false},"author":6,"featured_media":202694,"comment_status":"open","ping_status":"open","sticky":false,"template":"","format":"standard","meta":{"_monsterinsights_skip_tracking":false,"_monsterinsights_sitenote_active":false,"_monsterinsights_sitenote_note":"","_monsterinsights_sitenote_category":0,"footnotes":""},"categories":[156],"tags":[568,866],"class_list":["post-202693","post","type-post","status-publish","format-standard","has-post-thumbnail","hentry","category-estado","tag-congreso-de-veracruz","tag-fge","wp-image-borders"],"amp_enabled":true,"_links":{"self":[{"href":"https:\/\/nvnoticias.mx\/index.php\/wp-json\/wp\/v2\/posts\/202693","targetHints":{"allow":["GET"]}}],"collection":[{"href":"https:\/\/nvnoticias.mx\/index.php\/wp-json\/wp\/v2\/posts"}],"about":[{"href":"https:\/\/nvnoticias.mx\/index.php\/wp-json\/wp\/v2\/types\/post"}],"author":[{"embeddable":true,"href":"https:\/\/nvnoticias.mx\/index.php\/wp-json\/wp\/v2\/users\/6"}],"replies":[{"embeddable":true,"href":"https:\/\/nvnoticias.mx\/index.php\/wp-json\/wp\/v2\/comments?post=202693"}],"version-history":[{"count":2,"href":"https:\/\/nvnoticias.mx\/index.php\/wp-json\/wp\/v2\/posts\/202693\/revisions"}],"predecessor-version":[{"id":202696,"href":"https:\/\/nvnoticias.mx\/index.php\/wp-json\/wp\/v2\/posts\/202693\/revisions\/202696"}],"wp:featuredmedia":[{"embeddable":true,"href":"https:\/\/nvnoticias.mx\/index.php\/wp-json\/wp\/v2\/media\/202694"}],"wp:attachment":[{"href":"https:\/\/nvnoticias.mx\/index.php\/wp-json\/wp\/v2\/media?parent=202693"}],"wp:term":[{"taxonomy":"category","embeddable":true,"href":"https:\/\/nvnoticias.mx\/index.php\/wp-json\/wp\/v2\/categories?post=202693"},{"taxonomy":"post_tag","embeddable":true,"href":"https:\/\/nvnoticias.mx\/index.php\/wp-json\/wp\/v2\/tags?post=202693"}],"curies":[{"name":"wp","href":"https:\/\/api.w.org\/{rel}","templated":true}]}}