{"id":202680,"date":"2025-12-05T11:06:23","date_gmt":"2025-12-05T17:06:23","guid":{"rendered":"https:\/\/nvnoticias.mx\/?p=202680"},"modified":"2025-12-05T11:06:27","modified_gmt":"2025-12-05T17:06:27","slug":"encabeza-godoy-su-primer-encuentro-con-la-conferencia-nacional-de-procuracion-de-justicia","status":"publish","type":"post","link":"https:\/\/nvnoticias.mx\/index.php\/2025\/12\/05\/encabeza-godoy-su-primer-encuentro-con-la-conferencia-nacional-de-procuracion-de-justicia\/","title":{"rendered":"Encabeza Godoy su primer encuentro con la Conferencia Nacional de Procuraci\u00f3n de Justicia"},"content":{"rendered":"\n<p>Ernestina Godoy Ramos encabeza, en su calidad de titular de la Fiscal\u00eda General de la Rep\u00fablica (FGR), su primer encuentro con los integrantes de la Conferencia Nacional de Procuraci\u00f3n de Justicia (CNPJ).<\/p>\n\n\n\n<p>El encuentro se lleva a cabo en el llamado \u201cParque Nacional de la Justicia\u201d, que se localiza en la Alcald\u00eda Cuajimalpa, en la Ciudad de M\u00e9xico y que fue construido durante la gesti\u00f3n de Alejandro Gertz Manero.<\/p>\n\n\n\n<p>A unos d\u00edas de haber sido designada por el Senado de la Rep\u00fablica como nueva titular de la FGR (28 de noviembre), Godoy Ramos se re\u00fane con los fiscales estatales, indicaron funcionarios de la instituci\u00f3n ministerial.<\/p>\n\n\n\n<p>Entre los \u00faltimos acuerdos de este organismo, destacan los compromisos asumidos en la LIII Asamblea Plenaria, realizada en noviembre pasado que contemplan el Sistema Estad\u00edstico Nacional de Procuraci\u00f3n de Justicia, la aprobaci\u00f3n de la actualizaci\u00f3n de la metodolog\u00eda de recopilaci\u00f3n diaria del delito de homicidio doloso a nivel estatal, la presentaci\u00f3n de acciones para el fortalecimiento de las instituciones de procuraci\u00f3n de justicia y del Sistema Inform\u00e1tico Nacional Interoperable.<\/p>\n\n\n\n<p>La CNPJ tiene entre su atribuciones, de acuerdo con el art\u00edculo 25 de la Ley General del Sistema Nacional de Seguridad P\u00fablica: \u201cformular pol\u00edticas generales de procuraci\u00f3n de justicia, as\u00ed como ejecutar, dar seguimiento y evaluar las acciones en la materia; promover la coordinaci\u00f3n y colaboraci\u00f3n entre las Instituciones de Procuraci\u00f3n de Justicia y las Instituciones Policiales\u201d.<\/p>\n\n\n\n<p>Asimismo, \u201cformular propuestas para la integraci\u00f3n del Programa Nacional de Procuraci\u00f3n de Justicia y dem\u00e1s instrumentos program\u00e1ticos relacionados con el \u00e1mbito de su competencia, as\u00ed como darles seguimiento\u201d, establecer \u201cde conformidad con los criterios del Consejo Nacional, el Programa Rector de Profesionalizaci\u00f3n de las Instituciones de Procuraci\u00f3n de Justicia\u201d, y \u201celaborar propuestas de reformas legislativas y ordenamientos administrativos en materia de Procuraci\u00f3n de Justicia\u201d.<\/p>\n\n\n\n<p>En los \u00faltimos d\u00edas el gobierno federal ha puesto \u00e9nfasis en la necesidad de mayor coordinaci\u00f3n entre la FGR y las fiscal\u00edas locales, y en este caso, los miembros del CNPJ pueden \u201cemitir bases y reglas para la investigaci\u00f3n conjunta de los delitos, de conformidad con los ordenamientos legales aplicables, as\u00ed como para la realizaci\u00f3n de operativos de investigaci\u00f3n conjuntos\u201d.<\/p>\n\n\n\n<p>Fuente: La <a href=\"https:\/\/www.jornada.com.mx\/noticia\/2025\/12\/05\/politica\/encabeza-godoy-su-primer-encuentro-con-la-conferencia-nacional-de-procuracion-de-justicia\">Jornada<\/a><\/p>\n","protected":false},"excerpt":{"rendered":"<p>Ernestina Godoy Ramos encabeza, en su calidad de titular de la Fiscal\u00eda General de la Rep\u00fablica (FGR), su primer encuentro con los integrantes de la Conferencia Nacional de Procuraci\u00f3n de Justicia (CNPJ). El encuentro se lleva a cabo en el llamado \u201cParque Nacional de la Justicia\u201d, que se localiza en la Alcald\u00eda Cuajimalpa, en la [&hellip;]<\/p>\n","protected":false},"author":35,"featured_media":202685,"comment_status":"open","ping_status":"open","sticky":false,"template":"","format":"standard","meta":{"_monsterinsights_skip_tracking":false,"_monsterinsights_sitenote_active":false,"_monsterinsights_sitenote_note":"","_monsterinsights_sitenote_category":0,"footnotes":""},"categories":[158],"tags":[27401],"class_list":["post-202680","post","type-post","status-publish","format-standard","has-post-thumbnail","hentry","category-politica","tag-ernestina-godoy","wp-image-borders"],"amp_enabled":true,"_links":{"self":[{"href":"https:\/\/nvnoticias.mx\/index.php\/wp-json\/wp\/v2\/posts\/202680","targetHints":{"allow":["GET"]}}],"collection":[{"href":"https:\/\/nvnoticias.mx\/index.php\/wp-json\/wp\/v2\/posts"}],"about":[{"href":"https:\/\/nvnoticias.mx\/index.php\/wp-json\/wp\/v2\/types\/post"}],"author":[{"embeddable":true,"href":"https:\/\/nvnoticias.mx\/index.php\/wp-json\/wp\/v2\/users\/35"}],"replies":[{"embeddable":true,"href":"https:\/\/nvnoticias.mx\/index.php\/wp-json\/wp\/v2\/comments?post=202680"}],"version-history":[{"count":3,"href":"https:\/\/nvnoticias.mx\/index.php\/wp-json\/wp\/v2\/posts\/202680\/revisions"}],"predecessor-version":[{"id":202684,"href":"https:\/\/nvnoticias.mx\/index.php\/wp-json\/wp\/v2\/posts\/202680\/revisions\/202684"}],"wp:featuredmedia":[{"embeddable":true,"href":"https:\/\/nvnoticias.mx\/index.php\/wp-json\/wp\/v2\/media\/202685"}],"wp:attachment":[{"href":"https:\/\/nvnoticias.mx\/index.php\/wp-json\/wp\/v2\/media?parent=202680"}],"wp:term":[{"taxonomy":"category","embeddable":true,"href":"https:\/\/nvnoticias.mx\/index.php\/wp-json\/wp\/v2\/categories?post=202680"},{"taxonomy":"post_tag","embeddable":true,"href":"https:\/\/nvnoticias.mx\/index.php\/wp-json\/wp\/v2\/tags?post=202680"}],"curies":[{"name":"wp","href":"https:\/\/api.w.org\/{rel}","templated":true}]}}