{"id":202602,"date":"2025-12-04T15:00:29","date_gmt":"2025-12-04T21:00:29","guid":{"rendered":"https:\/\/nvnoticias.mx\/?p=202602"},"modified":"2025-12-04T15:01:24","modified_gmt":"2025-12-04T21:01:24","slug":"acusa-que-mc-se-quito-la-mascara-al-votar-por-nombramiento-de-ernestina-godoy","status":"publish","type":"post","link":"https:\/\/nvnoticias.mx\/index.php\/2025\/12\/04\/acusa-que-mc-se-quito-la-mascara-al-votar-por-nombramiento-de-ernestina-godoy\/","title":{"rendered":"Acusa Alejandro Moreno que MC \u2018se quit\u00f3 la m\u00e1scara\u2019 al votar por nombramiento de Ernestina Godoy"},"content":{"rendered":"\n<p>Luego de que el\u00a0<strong>Senado<\/strong>\u00a0eligi\u00f3 el mi\u00e9rcoles a\u00a0Ernestina Godoy Ramos como nueva titular de la Fiscal\u00eda General de la Rep\u00fablica(FGR), Partido Revolucionario Institucional (PRI),\u00a0<strong>Alejandro \u2018Alito\u2019 Moreno<\/strong>, acus\u00f3 a\u00a0<strong>Movimiento Ciudadano<\/strong>\u00a0de \u2018quitarse la m\u00e1scara\u2019 y apoyar el nombramiento.<\/p>\n\n\n\n<p>En entrevista radiof\u00f3nica, el tambi\u00e9n senador critic\u00f3 el apoyo de MC al\u00a0nombramiento de Godoy como nueva fiscal general\u00a0y asegur\u00f3 que ahora son \u2018<strong>Fosfonera<\/strong>\u2019, en referencia a la famosa frase de\u00a0<strong>Mariana Rodr\u00edguez<\/strong>\u00a0\u2018fosfo, fosfo\u2019 .<\/p>\n\n\n\n<p>\u201cEl&nbsp;<strong>PRI<\/strong>&nbsp;fue el \u00fanico partido que vot\u00f3 en contra. Votamos en contra, congruentes. Los seis&nbsp;<strong>senadores del Movimiento Ciudadano<\/strong>&nbsp;votaron a favor, tres del PAN votaron a favor y 11 votos nulos\u201d, asegur\u00f3.&nbsp;<\/p>\n\n\n\n<p>Asever\u00f3 que algunos de la oposici\u00f3n, a quienes llam\u00f3 \u201cc\u00ednicos\u201d, vot\u00f3 a favor de darle el control de la fiscal\u00eda al gobierno.<\/p>\n\n\n\n<p>Fuentr: El <a href=\"https:\/\/www.elfinanciero.com.mx\/nacional\/2025\/12\/04\/es-fosforena-alito-acusa-que-mc-se-quito-la-mascara-al-votar-por-nombramiento-de-ernestina-godoy\/\">Financiero<\/a><\/p>\n","protected":false},"excerpt":{"rendered":"<p>Luego de que el\u00a0Senado\u00a0eligi\u00f3 el mi\u00e9rcoles a\u00a0Ernestina Godoy Ramos como nueva titular de la Fiscal\u00eda General de la Rep\u00fablica(FGR), Partido Revolucionario Institucional (PRI),\u00a0Alejandro \u2018Alito\u2019 Moreno, acus\u00f3 a\u00a0Movimiento Ciudadano\u00a0de \u2018quitarse la m\u00e1scara\u2019 y apoyar el nombramiento. En entrevista radiof\u00f3nica, el tambi\u00e9n senador critic\u00f3 el apoyo de MC al\u00a0nombramiento de Godoy como nueva fiscal general\u00a0y asegur\u00f3 que [&hellip;]<\/p>\n","protected":false},"author":35,"featured_media":202603,"comment_status":"open","ping_status":"open","sticky":false,"template":"","format":"standard","meta":{"_monsterinsights_skip_tracking":false,"_monsterinsights_sitenote_active":false,"_monsterinsights_sitenote_note":"","_monsterinsights_sitenote_category":0,"footnotes":""},"categories":[158],"tags":[6413,27401,687],"class_list":["post-202602","post","type-post","status-publish","format-standard","has-post-thumbnail","hentry","category-politica","tag-alejandro-moreno","tag-ernestina-godoy","tag-movimiento-ciudadano","wp-image-borders"],"amp_enabled":true,"_links":{"self":[{"href":"https:\/\/nvnoticias.mx\/index.php\/wp-json\/wp\/v2\/posts\/202602","targetHints":{"allow":["GET"]}}],"collection":[{"href":"https:\/\/nvnoticias.mx\/index.php\/wp-json\/wp\/v2\/posts"}],"about":[{"href":"https:\/\/nvnoticias.mx\/index.php\/wp-json\/wp\/v2\/types\/post"}],"author":[{"embeddable":true,"href":"https:\/\/nvnoticias.mx\/index.php\/wp-json\/wp\/v2\/users\/35"}],"replies":[{"embeddable":true,"href":"https:\/\/nvnoticias.mx\/index.php\/wp-json\/wp\/v2\/comments?post=202602"}],"version-history":[{"count":5,"href":"https:\/\/nvnoticias.mx\/index.php\/wp-json\/wp\/v2\/posts\/202602\/revisions"}],"predecessor-version":[{"id":202609,"href":"https:\/\/nvnoticias.mx\/index.php\/wp-json\/wp\/v2\/posts\/202602\/revisions\/202609"}],"wp:featuredmedia":[{"embeddable":true,"href":"https:\/\/nvnoticias.mx\/index.php\/wp-json\/wp\/v2\/media\/202603"}],"wp:attachment":[{"href":"https:\/\/nvnoticias.mx\/index.php\/wp-json\/wp\/v2\/media?parent=202602"}],"wp:term":[{"taxonomy":"category","embeddable":true,"href":"https:\/\/nvnoticias.mx\/index.php\/wp-json\/wp\/v2\/categories?post=202602"},{"taxonomy":"post_tag","embeddable":true,"href":"https:\/\/nvnoticias.mx\/index.php\/wp-json\/wp\/v2\/tags?post=202602"}],"curies":[{"name":"wp","href":"https:\/\/api.w.org\/{rel}","templated":true}]}}