{"id":202543,"date":"2025-12-04T10:32:48","date_gmt":"2025-12-04T16:32:48","guid":{"rendered":"https:\/\/nvnoticias.mx\/?p=202543"},"modified":"2025-12-04T10:32:53","modified_gmt":"2025-12-04T16:32:53","slug":"sheinbaum-celebra-nombramiento-de-godoy-al-frente-de-fgr","status":"publish","type":"post","link":"https:\/\/nvnoticias.mx\/index.php\/2025\/12\/04\/sheinbaum-celebra-nombramiento-de-godoy-al-frente-de-fgr\/","title":{"rendered":"Sheinbaum celebra nombramiento de Godoy al frente de FGR"},"content":{"rendered":"\n<p>La presidenta Claudia Sheinbaum celebr\u00f3&nbsp;la&nbsp;aprobaci\u00f3n del nombramiento de Ernestina Godoy como nueva Fiscal General de la Rep\u00fablica, confiando que su llegada al cargo permite tener una mayor coordinaci\u00f3n con la Secretar\u00eda de Seguridad P\u00fablica y Protecci\u00f3n Ciudadana y las diversas instancias de seguridad en el pa\u00eds.<\/p>\n\n\n\n<p>Durante su conferencia, se refiri\u00f3 brevemente a la aprobaci\u00f3n de Godoy por parte del Senado, donde obtuvo 97 votos, al considerar que es una mujer honesta y una gran profesional en su trabajo que realiza con mucha integridad. Adem\u00e1s, dijo que conoce el tema porque ya fue fiscal de la Ciudad de M\u00e9xico, por lo que &#8220;esperamos que pueda ser un importante enlace con las fiscal\u00edas estatales&#8221;.<\/p>\n\n\n\n<p>Sheinbaum destac\u00f3 especialmente que espera una mayor coordinaci\u00f3n porque la autonom\u00eda no significa que no existan mecanismos de colaboraci\u00f3n, sino que el Poder Ejecutivo no se involucra en las decisiones de la FGR. Queremos una mayor coordinaci\u00f3n porque es necesario para garantizar la paz y lograr una mayor seguridad.\u00a0<\/p>\n\n\n\n<p>Fuente: La <a href=\"https:\/\/www.jornada.com.mx\/noticia\/2025\/12\/04\/politica\/celebra-sheinbaum-llegada-de-godoy-a-fgr-habra-mayor-coordinacion-con-sspc-dice\">Jornada<\/a> <\/p>\n\n\n\n<p><br><\/p>\n","protected":false},"excerpt":{"rendered":"<p>La presidenta Claudia Sheinbaum celebr\u00f3&nbsp;la&nbsp;aprobaci\u00f3n del nombramiento de Ernestina Godoy como nueva Fiscal General de la Rep\u00fablica, confiando que su llegada al cargo permite tener una mayor coordinaci\u00f3n con la Secretar\u00eda de Seguridad P\u00fablica y Protecci\u00f3n Ciudadana y las diversas instancias de seguridad en el pa\u00eds. Durante su conferencia, se refiri\u00f3 brevemente a la aprobaci\u00f3n [&hellip;]<\/p>\n","protected":false},"author":35,"featured_media":202544,"comment_status":"open","ping_status":"open","sticky":false,"template":"","format":"standard","meta":{"_monsterinsights_skip_tracking":false,"_monsterinsights_sitenote_active":false,"_monsterinsights_sitenote_note":"","_monsterinsights_sitenote_category":0,"footnotes":""},"categories":[158],"tags":[2801,27401,162],"class_list":["post-202543","post","type-post","status-publish","format-standard","has-post-thumbnail","hentry","category-politica","tag-claudia-sheinbaum","tag-ernestina-godoy","tag-portada","wp-image-borders"],"amp_enabled":true,"_links":{"self":[{"href":"https:\/\/nvnoticias.mx\/index.php\/wp-json\/wp\/v2\/posts\/202543","targetHints":{"allow":["GET"]}}],"collection":[{"href":"https:\/\/nvnoticias.mx\/index.php\/wp-json\/wp\/v2\/posts"}],"about":[{"href":"https:\/\/nvnoticias.mx\/index.php\/wp-json\/wp\/v2\/types\/post"}],"author":[{"embeddable":true,"href":"https:\/\/nvnoticias.mx\/index.php\/wp-json\/wp\/v2\/users\/35"}],"replies":[{"embeddable":true,"href":"https:\/\/nvnoticias.mx\/index.php\/wp-json\/wp\/v2\/comments?post=202543"}],"version-history":[{"count":3,"href":"https:\/\/nvnoticias.mx\/index.php\/wp-json\/wp\/v2\/posts\/202543\/revisions"}],"predecessor-version":[{"id":202547,"href":"https:\/\/nvnoticias.mx\/index.php\/wp-json\/wp\/v2\/posts\/202543\/revisions\/202547"}],"wp:featuredmedia":[{"embeddable":true,"href":"https:\/\/nvnoticias.mx\/index.php\/wp-json\/wp\/v2\/media\/202544"}],"wp:attachment":[{"href":"https:\/\/nvnoticias.mx\/index.php\/wp-json\/wp\/v2\/media?parent=202543"}],"wp:term":[{"taxonomy":"category","embeddable":true,"href":"https:\/\/nvnoticias.mx\/index.php\/wp-json\/wp\/v2\/categories?post=202543"},{"taxonomy":"post_tag","embeddable":true,"href":"https:\/\/nvnoticias.mx\/index.php\/wp-json\/wp\/v2\/tags?post=202543"}],"curies":[{"name":"wp","href":"https:\/\/api.w.org\/{rel}","templated":true}]}}