{"id":202534,"date":"2025-12-03T15:53:15","date_gmt":"2025-12-03T21:53:15","guid":{"rendered":"https:\/\/nvnoticias.mx\/?p=202534"},"modified":"2025-12-03T15:53:20","modified_gmt":"2025-12-03T21:53:20","slug":"instalan-santa-claus-en-zocalo-de-veracruz","status":"publish","type":"post","link":"https:\/\/nvnoticias.mx\/index.php\/2025\/12\/03\/instalan-santa-claus-en-zocalo-de-veracruz\/","title":{"rendered":"Instalan Santa Claus en z\u00f3calo de Veracruz"},"content":{"rendered":"\n<p>Jes\u00fas Utrilla | NV Noticias<\/p>\n\n\n\n<p>El Z\u00f3calo de la ciudad de Veracruz tiene su nueva estampa decembrina. El Ayuntamiento instal\u00f3 el Santa Claus gigante, uno de los elementos m\u00e1s fotografiados por locales y turistas, que ya comenz\u00f3 a atraer a familias completas en busca de la tradicional postal navide\u00f1a.<\/p>\n\n\n\n<p>El sitio tambi\u00e9n cuenta con el mercadito navide\u00f1o. La afluencia comenz\u00f3 desde temprano y se espera que aumente conforme avance el fin de semana.<\/p>\n\n\n\n<p>Las jardineras fueron decoradas con Nochebuenas, lo que termin\u00f3 de reforzar el ambiente festivo en la plaza principal, mientras trabajadores municipales contin\u00faan con la instalaci\u00f3n del \u00e1rbol navide\u00f1o, cuya iluminaci\u00f3n est\u00e1 programada para realizarse esta tarde.<\/p>\n\n\n\n<p>El 7 de diciembre se realizar\u00e1 el tradicional desfile navide\u00f1o, que partir\u00e1 desde la avenida Mart\u00ed y concluir\u00e1 en la zona del Acuario, llenando las calles de m\u00fasica, carros aleg\u00f3ricos y colores alusivos a la temporada. Adem\u00e1s, del 12 al 14 de diciembre habr\u00e1 cuentos, talleres como Pintando tu Navidad y presentaciones de La Rama en el Corredor Zamora y el Z\u00f3calo.<\/p>\n\n\n\n<p>Dentro de la agenda destaca tambi\u00e9n el concierto de la Orquesta Filarm\u00f3nica de Boca del R\u00edo\u2013Veracruz el 12 de diciembre en el Foro Boca, con boletos disponibles en&nbsp;<a href=\"http:\/\/foroticket.com\/\" target=\"_blank\" rel=\"noreferrer noopener\">foroticket.com<\/a>. Un segundo concierto de la Filarm\u00f3nica, este de car\u00e1cter gratuito, se ofrecer\u00e1 en el Z\u00f3calo el s\u00e1bado 13, mientras que el domingo 14 se presentar\u00e1n los talleres de m\u00fasica de ra\u00edz, son y tradici\u00f3n, junto con la exposici\u00f3n de ramas.<\/p>\n","protected":false},"excerpt":{"rendered":"<p>Jes\u00fas Utrilla | NV Noticias El Z\u00f3calo de la ciudad de Veracruz tiene su nueva estampa decembrina. El Ayuntamiento instal\u00f3 el Santa Claus gigante, uno de los elementos m\u00e1s fotografiados por locales y turistas, que ya comenz\u00f3 a atraer a familias completas en busca de la tradicional postal navide\u00f1a. El sitio tambi\u00e9n cuenta con el [&hellip;]<\/p>\n","protected":false},"author":35,"featured_media":202535,"comment_status":"open","ping_status":"open","sticky":false,"template":"","format":"standard","meta":{"_monsterinsights_skip_tracking":false,"_monsterinsights_sitenote_active":false,"_monsterinsights_sitenote_note":"","_monsterinsights_sitenote_category":0,"footnotes":""},"categories":[154],"tags":[28796,1368],"class_list":["post-202534","post","type-post","status-publish","format-standard","has-post-thumbnail","hentry","category-veracruz","tag-santa-claus","tag-zocalo-de-veracruz","wp-image-borders"],"amp_enabled":true,"_links":{"self":[{"href":"https:\/\/nvnoticias.mx\/index.php\/wp-json\/wp\/v2\/posts\/202534","targetHints":{"allow":["GET"]}}],"collection":[{"href":"https:\/\/nvnoticias.mx\/index.php\/wp-json\/wp\/v2\/posts"}],"about":[{"href":"https:\/\/nvnoticias.mx\/index.php\/wp-json\/wp\/v2\/types\/post"}],"author":[{"embeddable":true,"href":"https:\/\/nvnoticias.mx\/index.php\/wp-json\/wp\/v2\/users\/35"}],"replies":[{"embeddable":true,"href":"https:\/\/nvnoticias.mx\/index.php\/wp-json\/wp\/v2\/comments?post=202534"}],"version-history":[{"count":1,"href":"https:\/\/nvnoticias.mx\/index.php\/wp-json\/wp\/v2\/posts\/202534\/revisions"}],"predecessor-version":[{"id":202536,"href":"https:\/\/nvnoticias.mx\/index.php\/wp-json\/wp\/v2\/posts\/202534\/revisions\/202536"}],"wp:featuredmedia":[{"embeddable":true,"href":"https:\/\/nvnoticias.mx\/index.php\/wp-json\/wp\/v2\/media\/202535"}],"wp:attachment":[{"href":"https:\/\/nvnoticias.mx\/index.php\/wp-json\/wp\/v2\/media?parent=202534"}],"wp:term":[{"taxonomy":"category","embeddable":true,"href":"https:\/\/nvnoticias.mx\/index.php\/wp-json\/wp\/v2\/categories?post=202534"},{"taxonomy":"post_tag","embeddable":true,"href":"https:\/\/nvnoticias.mx\/index.php\/wp-json\/wp\/v2\/tags?post=202534"}],"curies":[{"name":"wp","href":"https:\/\/api.w.org\/{rel}","templated":true}]}}