{"id":202403,"date":"2025-12-02T16:29:55","date_gmt":"2025-12-02T22:29:55","guid":{"rendered":"https:\/\/nvnoticias.mx\/?p=202403"},"modified":"2025-12-02T16:30:00","modified_gmt":"2025-12-02T22:30:00","slug":"posponen-para-el-proximo-ano-discusion-para-adelantar-a-2027-la-revocacion-de-mandato-presidencial","status":"publish","type":"post","link":"https:\/\/nvnoticias.mx\/index.php\/2025\/12\/02\/posponen-para-el-proximo-ano-discusion-para-adelantar-a-2027-la-revocacion-de-mandato-presidencial\/","title":{"rendered":"Posponen para el pr\u00f3ximo a\u00f1o discusi\u00f3n para adelantar a 2027 la revocaci\u00f3n de mandato presidencial"},"content":{"rendered":"\n<p>La discusi\u00f3n de&nbsp;reforma al art\u00edculo 35 de la Constituci\u00f3n, para adelantar a 2027 la revocaci\u00f3n de mandato presidencial y empatarla con las elecciones para renovar la C\u00e1mara de Diputados y 17 gubernaturas, se pospuso hasta 2026, confirm\u00f3 esta ma\u00f1ana el coordinador de Morena, Ricardo Monreal.&nbsp;<\/p>\n\n\n\n<p>El 10 de noviembre, la Comisi\u00f3n de Puntos Constitucionales hab\u00eda convocado a votar la modificaci\u00f3n, pero ese d\u00eda la bancada mayoritaria acept\u00f3 posponer el debate del dictamen para dar unos d\u00edas m\u00e1s a la discusi\u00f3n, ante los reclamos de la oposici\u00f3n de un presunto albazo.&nbsp;<\/p>\n\n\n\n<p>La comisi\u00f3n volvi\u00f3 a citar a reuni\u00f3n este lunes 1\u00ba de diciembre, pero nuevamente inform\u00f3 que se pospon\u00eda el debate hasta nuevo aviso.&nbsp;<\/p>\n\n\n\n<p>En breve entrevista, despu\u00e9s de la reuni\u00f3n plenaria de su grupo este martes, Monreal dijo que el tema \u201cno est\u00e1 contemplado\u201d en las \u00faltimas seis sesiones del periodo de sesiones, que est\u00e1 previsto cerrar el 11 de diciembre.&nbsp;<\/p>\n\n\n\n<p>\u201cYo creo que vamos a mandarlo hasta febrero. No est\u00e1 contemplado, ya tenemos solo una semana para concluir el periodo de sesiones, tenemos que concluir antes del 15 y no est\u00e1 contemplado.&nbsp;<\/p>\n\n\n\n<p>\u201cLo vamos a tratar de revisar y de votar hacia el mes de febrero\u201d, dijo.&nbsp;<br><\/p>\n\n\n\n<p>Fuente: La <a href=\"https:\/\/www.jornada.com.mx\/noticia\/2025\/12\/02\/politica\/posponen-para-el-proximo-ano-discusion-para-adelantar-a-2027-la-revocacion-de-mandato-presidencial\">Jornada<\/a><\/p>\n","protected":false},"excerpt":{"rendered":"<p>La discusi\u00f3n de&nbsp;reforma al art\u00edculo 35 de la Constituci\u00f3n, para adelantar a 2027 la revocaci\u00f3n de mandato presidencial y empatarla con las elecciones para renovar la C\u00e1mara de Diputados y 17 gubernaturas, se pospuso hasta 2026, confirm\u00f3 esta ma\u00f1ana el coordinador de Morena, Ricardo Monreal.&nbsp; El 10 de noviembre, la Comisi\u00f3n de Puntos Constitucionales hab\u00eda [&hellip;]<\/p>\n","protected":false},"author":35,"featured_media":202407,"comment_status":"open","ping_status":"open","sticky":false,"template":"","format":"standard","meta":{"_monsterinsights_skip_tracking":false,"_monsterinsights_sitenote_active":false,"_monsterinsights_sitenote_note":"","_monsterinsights_sitenote_category":0,"footnotes":""},"categories":[158],"tags":[162,5354],"class_list":["post-202403","post","type-post","status-publish","format-standard","has-post-thumbnail","hentry","category-politica","tag-portada","tag-revocacion-de-mandato","wp-image-borders"],"amp_enabled":true,"_links":{"self":[{"href":"https:\/\/nvnoticias.mx\/index.php\/wp-json\/wp\/v2\/posts\/202403","targetHints":{"allow":["GET"]}}],"collection":[{"href":"https:\/\/nvnoticias.mx\/index.php\/wp-json\/wp\/v2\/posts"}],"about":[{"href":"https:\/\/nvnoticias.mx\/index.php\/wp-json\/wp\/v2\/types\/post"}],"author":[{"embeddable":true,"href":"https:\/\/nvnoticias.mx\/index.php\/wp-json\/wp\/v2\/users\/35"}],"replies":[{"embeddable":true,"href":"https:\/\/nvnoticias.mx\/index.php\/wp-json\/wp\/v2\/comments?post=202403"}],"version-history":[{"count":4,"href":"https:\/\/nvnoticias.mx\/index.php\/wp-json\/wp\/v2\/posts\/202403\/revisions"}],"predecessor-version":[{"id":202408,"href":"https:\/\/nvnoticias.mx\/index.php\/wp-json\/wp\/v2\/posts\/202403\/revisions\/202408"}],"wp:featuredmedia":[{"embeddable":true,"href":"https:\/\/nvnoticias.mx\/index.php\/wp-json\/wp\/v2\/media\/202407"}],"wp:attachment":[{"href":"https:\/\/nvnoticias.mx\/index.php\/wp-json\/wp\/v2\/media?parent=202403"}],"wp:term":[{"taxonomy":"category","embeddable":true,"href":"https:\/\/nvnoticias.mx\/index.php\/wp-json\/wp\/v2\/categories?post=202403"},{"taxonomy":"post_tag","embeddable":true,"href":"https:\/\/nvnoticias.mx\/index.php\/wp-json\/wp\/v2\/tags?post=202403"}],"curies":[{"name":"wp","href":"https:\/\/api.w.org\/{rel}","templated":true}]}}