{"id":20230,"date":"2021-08-04T19:39:47","date_gmt":"2021-08-05T00:39:47","guid":{"rendered":"https:\/\/nvnoticias.mx\/?p=20230"},"modified":"2021-08-04T19:39:48","modified_gmt":"2021-08-05T00:39:48","slug":"demanda-mexico-a-fabricantes-de-armas-en-eu-por-comercio-ilicito-y-negligente","status":"publish","type":"post","link":"https:\/\/nvnoticias.mx\/index.php\/2021\/08\/04\/demanda-mexico-a-fabricantes-de-armas-en-eu-por-comercio-ilicito-y-negligente\/","title":{"rendered":"Demanda M\u00e9xico a fabricantes de armas en EU por comercio il\u00edcito y negligente"},"content":{"rendered":"\n<p>El gobierno de M\u00e9xico demand\u00f3 a varios fabricantes de\u00a0armas ante la Corte de Estados Unidos por comercio negligente e il\u00edcito \u201cque contribuye al tr\u00e1fico de armas a M\u00e9xico y ocasiona da\u00f1o directo\u201d, inform\u00f3 la Secretar\u00eda de Relaciones Exteriores (SRE). <\/p>\n\n\n\n<p>En conferencia de prensa, funcionarios mexicanos aclararon que esta demanda no es contra el gobierno de Estados Unidos, del que reconocieron los esfuerzos y el \u00e1nimo para reducir y detener el tr\u00e1fico il\u00edcito de armas. <\/p>\n\n\n\n<p>La demanda se\u00f1ala que M\u00e9xico busca compensaci\u00f3n, pues alega que las unidades de Smith &amp; Wesson; Barrett Firearms; Colt&#8217;s Manufacturing Company; Glock Inc; Sturm, Ruger &amp; Co, Inc y otras, sab\u00edan que sus pr\u00e1cticas comerciales generaban da\u00f1o al pa\u00eds. Sin embargo, el canciller Marcelo Ebrard aclar\u00f3 que el monto se determinar\u00e1 en el juicio.\u00a0<\/p>\n\n\n\n<p>Alejandro Celorio Alc\u00e1ntara, consultor jur\u00eddico de M\u00e9xico, afirm\u00f3 que se trata de un litigio estrat\u00e9gico, y que el pa\u00eds se encuentra preparado para responder a las defensas legales que puedan presentar los demandados. <\/p>\n\n\n\n<p>Es por ello que se realiz\u00f3 la demanda en territorio estadounidense, con el fin de que las compa\u00f1\u00edas se puedan defender en su propio idioma y bajo su legislaci\u00f3n.<\/p>\n\n\n\n<blockquote class=\"wp-block-quote is-layout-flow wp-block-quote-is-layout-flow\"><p>\u201cEs un ejemplo de practica negligente, es un derecho constitucional de los estadunidenses poseer y comprar armas, pero hablamos de da\u00f1os en el territorio mexicano, que tiene un estricto control de su compra, si no es con la autorizaci\u00f3n de las autoridades correspondientes\u201d, dijo.<\/p><\/blockquote>\n\n\n\n<p>Fuente: Milenio<\/p>\n","protected":false},"excerpt":{"rendered":"<p>El gobierno de M\u00e9xico demand\u00f3 a varios fabricantes de\u00a0armas ante la Corte de Estados Unidos por comercio negligente e il\u00edcito \u201cque contribuye al tr\u00e1fico de armas a M\u00e9xico y ocasiona da\u00f1o directo\u201d, inform\u00f3 la Secretar\u00eda de Relaciones Exteriores (SRE). En conferencia de prensa, funcionarios mexicanos aclararon que esta demanda no es contra el gobierno de [&hellip;]<\/p>\n","protected":false},"author":7,"featured_media":20231,"comment_status":"open","ping_status":"open","sticky":false,"template":"","format":"standard","meta":{"_monsterinsights_skip_tracking":false,"_monsterinsights_sitenote_active":false,"_monsterinsights_sitenote_note":"","_monsterinsights_sitenote_category":0,"footnotes":""},"categories":[157],"tags":[701,183,292,162,5384],"class_list":["post-20230","post","type-post","status-publish","format-standard","has-post-thumbnail","hentry","category-nacional","tag-demanda","tag-estados-unidos","tag-mexico","tag-portada","tag-trafico-de-armas","wp-image-borders"],"amp_enabled":true,"_links":{"self":[{"href":"https:\/\/nvnoticias.mx\/index.php\/wp-json\/wp\/v2\/posts\/20230","targetHints":{"allow":["GET"]}}],"collection":[{"href":"https:\/\/nvnoticias.mx\/index.php\/wp-json\/wp\/v2\/posts"}],"about":[{"href":"https:\/\/nvnoticias.mx\/index.php\/wp-json\/wp\/v2\/types\/post"}],"author":[{"embeddable":true,"href":"https:\/\/nvnoticias.mx\/index.php\/wp-json\/wp\/v2\/users\/7"}],"replies":[{"embeddable":true,"href":"https:\/\/nvnoticias.mx\/index.php\/wp-json\/wp\/v2\/comments?post=20230"}],"version-history":[{"count":1,"href":"https:\/\/nvnoticias.mx\/index.php\/wp-json\/wp\/v2\/posts\/20230\/revisions"}],"predecessor-version":[{"id":20232,"href":"https:\/\/nvnoticias.mx\/index.php\/wp-json\/wp\/v2\/posts\/20230\/revisions\/20232"}],"wp:featuredmedia":[{"embeddable":true,"href":"https:\/\/nvnoticias.mx\/index.php\/wp-json\/wp\/v2\/media\/20231"}],"wp:attachment":[{"href":"https:\/\/nvnoticias.mx\/index.php\/wp-json\/wp\/v2\/media?parent=20230"}],"wp:term":[{"taxonomy":"category","embeddable":true,"href":"https:\/\/nvnoticias.mx\/index.php\/wp-json\/wp\/v2\/categories?post=20230"},{"taxonomy":"post_tag","embeddable":true,"href":"https:\/\/nvnoticias.mx\/index.php\/wp-json\/wp\/v2\/tags?post=20230"}],"curies":[{"name":"wp","href":"https:\/\/api.w.org\/{rel}","templated":true}]}}