{"id":202251,"date":"2025-12-01T11:10:02","date_gmt":"2025-12-01T17:10:02","guid":{"rendered":"https:\/\/nvnoticias.mx\/?p=202251"},"modified":"2025-12-01T11:10:05","modified_gmt":"2025-12-01T17:10:05","slug":"aparecen-con-vida-agentes-de-la-secretaria-de-seguridad-desaparecidos-en-jalisco","status":"publish","type":"post","link":"https:\/\/nvnoticias.mx\/index.php\/2025\/12\/01\/aparecen-con-vida-agentes-de-la-secretaria-de-seguridad-desaparecidos-en-jalisco\/","title":{"rendered":"Aparecen con vida agentes de la Secretar\u00eda de Seguridad desaparecidos en Jalisco"},"content":{"rendered":"\n<p><\/p>\n\n\n\n<p>Los\u00a0dos agentes de la Secretar\u00eda de Seguridad y Protecci\u00f3n Ciudadana (SSPC) que fueron desaparecidos\u00a0en Jalisco, ya han sido hallados con vida, inform\u00f3 este lunes 1 de diciembre la presidenta Claudia Sheinbaum.<\/p>\n\n\n\n<p>Durante su conferencia matutina, Sheinbaum\u00a0recibi\u00f3 un recado por parte de su equipo con la breve informaci\u00f3n y pidi\u00f3 al titular de la SSPC, Omar Garc\u00eda Harfuch, que brindara un informe m\u00e1s detallado al respecto.<\/p>\n\n\n\n<blockquote class=\"wp-block-quote is-layout-flow wp-block-quote-is-layout-flow\">\n<p>\u201cLo que me informan, les voy a leer el recado que me pasaron: Los&nbsp;<strong>dos agentes de la SSPC secuestrados por un grupo criminal en Jalisco<\/strong>&nbsp;fueron encontrados con buen estado de salud\u201d, indic\u00f3 la presidenta.<\/p>\n<\/blockquote>\n\n\n\n<p>Poco despu\u00e9s esta misma ma\u00f1ana, Garc\u00eda Harfuch confirm\u00f3 el hallazgo de los agentes de Seguridad.<\/p>\n\n\n\n<figure class=\"wp-block-embed is-type-rich is-provider-twitter wp-block-embed-twitter\"><div class=\"wp-block-embed__wrapper\">\n<blockquote class=\"twitter-tweet\" data-width=\"550\" data-dnt=\"true\"><p lang=\"es\" dir=\"ltr\">Nuestros compa\u00f1eros de <a href=\"https:\/\/twitter.com\/SSPCMexico?ref_src=twsrc%5Etfw\">@SSPCMexico<\/a> que fueron privados de su libertad en Zapopan, Jalisco el pasado 25 de Noviembre se encuentran bien y pronto estar\u00e1n con sus familias.   <br>Agradecemos a <a href=\"https:\/\/twitter.com\/Defensamx1?ref_src=twsrc%5Etfw\">@Defensamx1<\/a> <a href=\"https:\/\/twitter.com\/SEMAR_mx?ref_src=twsrc%5Etfw\">@SEMAR_mx<\/a>  <a href=\"https:\/\/twitter.com\/GN_MEXICO_?ref_src=twsrc%5Etfw\">@GN_MEXICO_<\/a> y al Gobernador <a href=\"https:\/\/twitter.com\/PabloLemusN?ref_src=twsrc%5Etfw\">@PabloLemusN<\/a> su apoyo en la b\u00fasqueda para\u2026<\/p>&mdash; Omar H Garcia Harfuch (@OHarfuch) <a href=\"https:\/\/twitter.com\/OHarfuch\/status\/1995512815642148972?ref_src=twsrc%5Etfw\">December 1, 2025<\/a><\/blockquote><script async src=\"https:\/\/platform.twitter.com\/widgets.js\" charset=\"utf-8\"><\/script>\n<\/div><\/figure>\n\n\n\n<p><\/p>\n\n\n\n<p>Fuente: <a href=\"https:\/\/www.elfinanciero.com.mx\/nacional\/2025\/12\/01\/agentes-de-la-secretaria-de-seguridad-de-harfuch-desaparecidos-en-jalisco-son-hallados-con-vida\/\">El Financiero<\/a><\/p>\n","protected":false},"excerpt":{"rendered":"<p>Los\u00a0dos agentes de la Secretar\u00eda de Seguridad y Protecci\u00f3n Ciudadana (SSPC) que fueron desaparecidos\u00a0en Jalisco, ya han sido hallados con vida, inform\u00f3 este lunes 1 de diciembre la presidenta Claudia Sheinbaum. Durante su conferencia matutina, Sheinbaum\u00a0recibi\u00f3 un recado por parte de su equipo con la breve informaci\u00f3n y pidi\u00f3 al titular de la SSPC, Omar [&hellip;]<\/p>\n","protected":false},"author":6,"featured_media":187708,"comment_status":"open","ping_status":"open","sticky":false,"template":"","format":"standard","meta":{"_monsterinsights_skip_tracking":false,"_monsterinsights_sitenote_active":false,"_monsterinsights_sitenote_note":"","_monsterinsights_sitenote_category":0,"footnotes":""},"categories":[158],"tags":[2570],"class_list":["post-202251","post","type-post","status-publish","format-standard","has-post-thumbnail","hentry","category-politica","tag-secretaria-de-seguridad","wp-image-borders"],"amp_enabled":true,"_links":{"self":[{"href":"https:\/\/nvnoticias.mx\/index.php\/wp-json\/wp\/v2\/posts\/202251","targetHints":{"allow":["GET"]}}],"collection":[{"href":"https:\/\/nvnoticias.mx\/index.php\/wp-json\/wp\/v2\/posts"}],"about":[{"href":"https:\/\/nvnoticias.mx\/index.php\/wp-json\/wp\/v2\/types\/post"}],"author":[{"embeddable":true,"href":"https:\/\/nvnoticias.mx\/index.php\/wp-json\/wp\/v2\/users\/6"}],"replies":[{"embeddable":true,"href":"https:\/\/nvnoticias.mx\/index.php\/wp-json\/wp\/v2\/comments?post=202251"}],"version-history":[{"count":2,"href":"https:\/\/nvnoticias.mx\/index.php\/wp-json\/wp\/v2\/posts\/202251\/revisions"}],"predecessor-version":[{"id":202253,"href":"https:\/\/nvnoticias.mx\/index.php\/wp-json\/wp\/v2\/posts\/202251\/revisions\/202253"}],"wp:featuredmedia":[{"embeddable":true,"href":"https:\/\/nvnoticias.mx\/index.php\/wp-json\/wp\/v2\/media\/187708"}],"wp:attachment":[{"href":"https:\/\/nvnoticias.mx\/index.php\/wp-json\/wp\/v2\/media?parent=202251"}],"wp:term":[{"taxonomy":"category","embeddable":true,"href":"https:\/\/nvnoticias.mx\/index.php\/wp-json\/wp\/v2\/categories?post=202251"},{"taxonomy":"post_tag","embeddable":true,"href":"https:\/\/nvnoticias.mx\/index.php\/wp-json\/wp\/v2\/tags?post=202251"}],"curies":[{"name":"wp","href":"https:\/\/api.w.org\/{rel}","templated":true}]}}