{"id":202247,"date":"2025-12-01T11:06:24","date_gmt":"2025-12-01T17:06:24","guid":{"rendered":"https:\/\/nvnoticias.mx\/?p=202247"},"modified":"2025-12-01T11:06:28","modified_gmt":"2025-12-01T17:06:28","slug":"celebra-sheinbaum-presentacion-de-nuevo-libro-y-mensaje-de-amlo","status":"publish","type":"post","link":"https:\/\/nvnoticias.mx\/index.php\/2025\/12\/01\/celebra-sheinbaum-presentacion-de-nuevo-libro-y-mensaje-de-amlo\/","title":{"rendered":"Celebra Sheinbaum presentaci\u00f3n de nuevo libro y mensaje de AMLO"},"content":{"rendered":"\n<p><\/p>\n\n\n\n<p>La presidenta Claudia Sheinbaum asegur\u00f3 que M\u00e9xico no est\u00e1 en ninguno de los escenarios que plante\u00f3 su antecesor Andr\u00e9s Manuel L\u00f3pez Obrador para retomar su vida p\u00fablica: defensa de la democracia y de la mandataria, as\u00ed como intento de golpe de Estado.<\/p>\n\n\n\n<p>\u201cAfortunadamente no estamos en ninguna de las tres circunstancias que plante\u00f3 (AMLO)\u2026 Bueno, pues no est\u00e1 el escenario, ya veremos y no creo que se presente\u2026 Aqu\u00ed analizamos todos los d\u00edas la realidad de M\u00e9xico\u201d, destac\u00f3.<\/p>\n\n\n\n<p>En la conferencia de prensa matutina en Palacio Nacional, la titular del Ejecutivo Federal se\u00f1al\u00f3 que le dio mucho gusto ver al ex presidente en el video &#8211; difundido este domingo &#8211; en el cual promocion\u00f3 su nuevo libre \u201cGrandeza:<\/p>\n\n\n\n<p>\u201cNos dio mucho gusto verlo bien, se ve muy bien, muy contento, sano, tranquilo. Nos dio mucho gusto verlo con su libro, adem\u00e1s. Ya ven que dijimos que iba a estar, que nos hab\u00edan dicho que iba a estar a principios de diciembre, entonces pues se cumpli\u00f3, present\u00f3 el libro que entiendo que ya est\u00e1 en librer\u00edas.<\/p>\n\n\n\n<p>\u201cEl libro se llama \u201cGrandeza\u201d y habla de la grandeza cultural de M\u00e9xico, que viene de las grandes civilizaciones que habitaron nuestro territorio y de las cuales somos herederas, herederos los pueblos originarios de entonces y de ahora que constituyen la esencia cultural y la manera en que nos relacionamos y los valores que tenemos las y los mexicanos, que es algo excepcional y \u00fanico en el mundo\u201d, resalt\u00f3.<\/p>\n\n\n\n<p>Desde el sal\u00f3n Tesorer\u00eda, Sheinbaum Pardo consider\u00f3 que el libro ser\u00e1 pol\u00e9mico, pero resalt\u00f3 que se trata de un legado muy importante. Resalt\u00f3 que en estos momentos, el ex presidente se encuentra en un periodo de reflexi\u00f3n, m\u00e1s que de acci\u00f3n.<\/p>\n\n\n\n<p>\u201cCuando ayer lo dije tambi\u00e9n el mitin ah\u00ed en Morelos en la asamblea, que en la transici\u00f3n, en los tres meses de transici\u00f3n, yo dije que el presidente L\u00f3pez Obrador hab\u00eda participado en la vida p\u00fablica m\u00e1s de 30 a\u00f1os como dirigente social, pol\u00edtico, y luego como presidente, y que siempre hab\u00eda dicho la pol\u00edtica es pensamiento y acci\u00f3n.<\/p>\n\n\n\n<blockquote class=\"wp-block-quote is-layout-flow wp-block-quote-is-layout-flow\">\n<p>\u201cY muchas veces en su momento nos dijo, no es momento para tanto pensamiento, es momento para la acci\u00f3n, y yo dije ahora a \u00e9l le toca pues un momento de reflexi\u00f3n, pero sigue luchando desde donde est\u00e1\u201d, apunt\u00f3.<br><\/p>\n<\/blockquote>\n\n\n\n<p>Sheinbaum Pardo resalt\u00f3 que la Cuarta Transformaci\u00f3n es el movimiento social m\u00e1s importante del continente y quiz\u00e1 del mundo, tras recordarle a la ciudadan\u00eda que este s\u00e1bado se conmemorar\u00e1n siete a\u00f1os de la 4T.<\/p>\n\n\n\n<iframe loading=\"lazy\" src=\"https:\/\/www.facebook.com\/plugins\/video.php?height=314&#038;href=https%3A%2F%2Fwww.facebook.com%2Freel%2F1161593682725119%2F&#038;show_text=false&#038;width=560&#038;t=0\" width=\"560\" height=\"314\" style=\"border:none;overflow:hidden\" scrolling=\"no\" frameborder=\"0\" allowfullscreen=\"true\" allow=\"autoplay; clipboard-write; encrypted-media; picture-in-picture; web-share\" allowFullScreen=\"true\"><\/iframe>\n\n\n\n<p>\u201cEl s\u00e1bado va a ser un buen momento para mostrar la alegr\u00eda del pueblo, s\u00e1bado seis de diciembre, Z\u00f3calo de la ciudad de M\u00e9xico, ah\u00ed nos vemos para siete a\u00f1os de transformaci\u00f3n, logros extraordinarios y un momento ejemplar en la historia de M\u00e9xico.<\/p>\n\n\n\n<blockquote class=\"wp-block-quote is-layout-flow wp-block-quote-is-layout-flow\">\n<p>\u201cSomos quiz\u00e1, bueno, somos el movimiento popular, que estamos cercanos al pueblo, movimiento social que est\u00e1 en el poder, porque somos un movimiento social que est\u00e1 en el poder, porque no hay divorcio entre pueblo y gobierno, y adem\u00e1s no renunciamos a nuestros principios por los que siempre hemos luchado, m\u00e1s importante por lo menos del continente, sino es que del mundo\u201d, dijo.<\/p>\n<\/blockquote>\n\n\n\n<p>La presidenta de M\u00e9xico sostuvo que la mayor\u00eda de los mexicanos respalda su gobierno, y se\u00f1al\u00f3 que el pueblo est\u00e1 unido.<\/p>\n\n\n\n<blockquote class=\"wp-block-quote is-layout-flow wp-block-quote-is-layout-flow\">\n<p>\u201cAqu\u00ed el pueblo defiende sus conquistas y se siente identificado con su gobierno, porque no hemos traicionado ni vamos a traicionar y vamos a seguir avanzando por la transformaci\u00f3n, y la verdad es que la mayor\u00eda de la gente est\u00e1 con el proyecto, hay algunos que no porque quieren pues mantener sus privilegios. Pero el pueblo est\u00e1 unido, fuerte y el movimiento va avanzando, y eso es lo que nos da la fuerza y nos dio gusto ver al presidente L\u00f3pez Obrador en este video reflexivo\u201d, a\u00f1adi\u00f3.<\/p>\n<\/blockquote>\n\n\n\n<p>Fuente: <a href=\"https:\/\/www.milenio.com\/politica\/sheinbaum-celebra-presentacion-libro-mensaje-amlo\">Milenio<\/a><\/p>\n","protected":false},"excerpt":{"rendered":"<p>La presidenta Claudia Sheinbaum asegur\u00f3 que M\u00e9xico no est\u00e1 en ninguno de los escenarios que plante\u00f3 su antecesor Andr\u00e9s Manuel L\u00f3pez Obrador para retomar su vida p\u00fablica: defensa de la democracia y de la mandataria, as\u00ed como intento de golpe de Estado. \u201cAfortunadamente no estamos en ninguna de las tres circunstancias que plante\u00f3 (AMLO)\u2026 Bueno, [&hellip;]<\/p>\n","protected":false},"author":6,"featured_media":202248,"comment_status":"open","ping_status":"open","sticky":false,"template":"","format":"standard","meta":{"_monsterinsights_skip_tracking":false,"_monsterinsights_sitenote_active":false,"_monsterinsights_sitenote_note":"","_monsterinsights_sitenote_category":0,"footnotes":""},"categories":[158],"tags":[188,9319],"class_list":["post-202247","post","type-post","status-publish","format-standard","has-post-thumbnail","hentry","category-politica","tag-amlo","tag-sheinbaum","wp-image-borders"],"amp_enabled":true,"_links":{"self":[{"href":"https:\/\/nvnoticias.mx\/index.php\/wp-json\/wp\/v2\/posts\/202247","targetHints":{"allow":["GET"]}}],"collection":[{"href":"https:\/\/nvnoticias.mx\/index.php\/wp-json\/wp\/v2\/posts"}],"about":[{"href":"https:\/\/nvnoticias.mx\/index.php\/wp-json\/wp\/v2\/types\/post"}],"author":[{"embeddable":true,"href":"https:\/\/nvnoticias.mx\/index.php\/wp-json\/wp\/v2\/users\/6"}],"replies":[{"embeddable":true,"href":"https:\/\/nvnoticias.mx\/index.php\/wp-json\/wp\/v2\/comments?post=202247"}],"version-history":[{"count":2,"href":"https:\/\/nvnoticias.mx\/index.php\/wp-json\/wp\/v2\/posts\/202247\/revisions"}],"predecessor-version":[{"id":202250,"href":"https:\/\/nvnoticias.mx\/index.php\/wp-json\/wp\/v2\/posts\/202247\/revisions\/202250"}],"wp:featuredmedia":[{"embeddable":true,"href":"https:\/\/nvnoticias.mx\/index.php\/wp-json\/wp\/v2\/media\/202248"}],"wp:attachment":[{"href":"https:\/\/nvnoticias.mx\/index.php\/wp-json\/wp\/v2\/media?parent=202247"}],"wp:term":[{"taxonomy":"category","embeddable":true,"href":"https:\/\/nvnoticias.mx\/index.php\/wp-json\/wp\/v2\/categories?post=202247"},{"taxonomy":"post_tag","embeddable":true,"href":"https:\/\/nvnoticias.mx\/index.php\/wp-json\/wp\/v2\/tags?post=202247"}],"curies":[{"name":"wp","href":"https:\/\/api.w.org\/{rel}","templated":true}]}}