{"id":202235,"date":"2025-12-01T10:39:25","date_gmt":"2025-12-01T16:39:25","guid":{"rendered":"https:\/\/nvnoticias.mx\/?p=202235"},"modified":"2025-12-01T10:39:28","modified_gmt":"2025-12-01T16:39:28","slug":"el-activismo-que-incomoda-al-poder","status":"publish","type":"post","link":"https:\/\/nvnoticias.mx\/index.php\/2025\/12\/01\/el-activismo-que-incomoda-al-poder\/","title":{"rendered":"El activismo que incomoda al poder"},"content":{"rendered":"\n<p><\/p>\n\n\n\n<p><\/p>\n\n\n\n<figure class=\"wp-block-pullquote\"><blockquote><p>Alguien como t\u00fa.<br><strong>Gladys P\u00e9rez Maldonado.<\/strong><\/p><\/blockquote><\/figure>\n\n\n\n<p>Los 16 D\u00edas de Activismo contra la Violencia de G\u00e9nero, que se llevan a cabo del 25 de noviembre al 10 de diciembre de cada a\u00f1o, nacieron para sacudir conciencias y exigir a los Estados acciones reales para detener la violencia que viven millones de ni\u00f1as, adolescentes y mujeres en el mundo. Sin embargo, m\u00e1s de tres d\u00e9cadas despu\u00e9s de su implementaci\u00f3n, el mensaje sigue siendo dolorosamente vigente, la violencia patriarcal permanece intacta, incluso se transforma y se profundiza con nuevas formas de control, explotaci\u00f3n y odio digital.<\/p>\n\n\n\n<p>Este periodo de activismo, del D\u00eda Internacional para la Eliminaci\u00f3n de la Violencia contra la Mujer al D\u00eda de los Derechos Humanos, no es solo un calendario simb\u00f3lico, es un recordatorio de que la violencia de g\u00e9nero es un problema estructural que se perpet\u00faa en los hogares, las calles, los centros de trabajo, las escuelas y tambi\u00e9n en las plataformas digitales. En pa\u00edses como M\u00e9xico, la violencia adquiere dimensiones alarmantes, feminicidios cotidianos, desapariciones en aumento, abuso sexual infantil, trata de personas y un Estado que, pese a avances normativos y programas institucionales, a\u00fan falla en garantizar justicia y reparaci\u00f3n.<\/p>\n\n\n\n<p>La iniciativa, impulsada por ONU Mujeres, busca alinear esfuerzos de gobiernos, sociedad civil, instituciones educativas y ciudadan\u00eda para visibilizar y actuar frente a todas las formas de violencia f\u00edsica, sexual, econ\u00f3mica, pol\u00edtica, digital y simb\u00f3lica. Sin embargo, la realidad evidencia una brecha profunda entre los discursos en foros internacionales y lo que viven las mujeres en su cotidianidad.<\/p>\n\n\n\n<p>En numerosas regiones del mundo, denunciar sigue siendo un privilegio, para muchas mujeres, alzar la voz significa exponerse a represalias, revictimizaci\u00f3n o incluso a perder la vida. Las cifras globales mantienen un patr\u00f3n brutal, una de cada tres mujeres ha sufrido violencia a lo largo de su vida, y en numerosos pa\u00edses el aparato de justicia sigue siendo lento, inaccesible o indiferente.<\/p>\n\n\n\n<p>En M\u00e9xico, la campa\u00f1a de los 16 D\u00edas toma un significado particular. Es un pa\u00eds con marcos legales s\u00f3lidos, como la Ley General de Acceso de las Mujeres a una Vida Libre de Violencia, pol\u00edticas especializadas, Centros de Justicia para las Mujeres, Centros Libre, refugios y fiscal\u00edas especializadas, sin embargo, tambi\u00e9n es un pa\u00eds donde cada d\u00eda se reportan agresiones que muestran el tama\u00f1o del reto, mujeres asesinadas con sa\u00f1a, ni\u00f1as violentadas en sus entornos m\u00e1s cercanos, hostigamiento sexual que permea instituciones p\u00fablicas y privadas, campa\u00f1as de odio digital contra mujeres en pol\u00edtica, y una impunidad que contin\u00faa siendo la regla.<\/p>\n\n\n\n<p>El activismo, en este contexto, se convierte en resistencia. En memoria de quienes ya no est\u00e1n, en defensa de quienes sobreviven, en exigencia para que la justicia deje de ser un privilegio excepcional.<\/p>\n\n\n\n<p>Los 16 D\u00edas de Activismo tambi\u00e9n son un recordatorio de algo fundamental, no basta con sensibilizar; se necesita prevenir, atender y sancionar con rigor.<\/p>\n\n\n\n<p>La prevenci\u00f3n requiere educaci\u00f3n sexual integral, campa\u00f1as permanentes, transformaciones culturales profundas y un compromiso pol\u00edtico real para desmantelar el machismo que sostiene la violencia. La atenci\u00f3n demanda instituciones con recursos, personal capacitado y enfoque de g\u00e9nero, y la sanci\u00f3n exige sistemas de justicia que funcionen.<\/p>\n\n\n\n<p>Sin estos tres pilares, cualquier campa\u00f1a queda reducida a un ritual anual que acumula discursos, pero no transforma vidas.<\/p>\n\n\n\n<p>El esp\u00edritu de los 16 D\u00edas es colectivo, invita a gobiernos, pero tambi\u00e9n a familias, escuelas, empresas y medios de comunicaci\u00f3n, no habr\u00e1 cambio si la sociedad sigue normalizando la violencia o atribuy\u00e9ndola a <em>conflictos dom\u00e9sticos<\/em>, <em>problemas de pareja<\/em> o <em>malentendidos<\/em>. Cada acto de violencia es una violaci\u00f3n de derechos humanos, no un asunto privado.<\/p>\n\n\n\n<p>Al finalizar cada 10 de diciembre, la campa\u00f1a no debe apagarse, la violencia no descansa, y la acci\u00f3n tampoco puede hacerlo.<\/p>\n\n\n\n<p>El verdadero impacto de los 16 D\u00edas no est\u00e1 en las publicaciones en redes sociales ni en las conferencias institucionales, sino en lo que se hace despu\u00e9s, la indignaci\u00f3n debe convertirse en pol\u00edtica p\u00fablica; el activismo, en presupuesto; las demandas, en reformas; y la memoria, en justicia.<\/p>\n\n\n\n<p>Las mujeres del mundo no necesitan un calendario para recordar que viven violencia, &nbsp;son los Estados y las sociedades quienes requieren este recordatorio para asumir su responsabilidad hist\u00f3rica, porque mientras la violencia siga siendo una realidad cotidiana, los 16 D\u00edas de Activismo seguir\u00e1n siendo, m\u00e1s que una campa\u00f1a, un grito global para exigir lo que nunca debi\u00f3 negarse: <em>una vida libre de violencia por derecho, no por excepci\u00f3n\u2026<\/em><\/p>\n","protected":false},"excerpt":{"rendered":"<p>Alguien como t\u00fa.Gladys P\u00e9rez Maldonado. Los 16 D\u00edas de Activismo contra la Violencia de G\u00e9nero, que se llevan a cabo del 25 de noviembre al 10 de diciembre de cada a\u00f1o, nacieron para sacudir conciencias y exigir a los Estados acciones reales para detener la violencia que viven millones de ni\u00f1as, adolescentes y mujeres en [&hellip;]<\/p>\n","protected":false},"author":45,"featured_media":202236,"comment_status":"open","ping_status":"open","sticky":false,"template":"","format":"standard","meta":{"_monsterinsights_skip_tracking":false,"_monsterinsights_sitenote_active":false,"_monsterinsights_sitenote_note":"","_monsterinsights_sitenote_category":0,"footnotes":""},"categories":[15405],"tags":[15415],"class_list":["post-202235","post","type-post","status-publish","format-standard","has-post-thumbnail","hentry","category-alguien-como-tu","tag-gladys-perez-maldonado","wp-image-borders"],"amp_enabled":true,"_links":{"self":[{"href":"https:\/\/nvnoticias.mx\/index.php\/wp-json\/wp\/v2\/posts\/202235","targetHints":{"allow":["GET"]}}],"collection":[{"href":"https:\/\/nvnoticias.mx\/index.php\/wp-json\/wp\/v2\/posts"}],"about":[{"href":"https:\/\/nvnoticias.mx\/index.php\/wp-json\/wp\/v2\/types\/post"}],"author":[{"embeddable":true,"href":"https:\/\/nvnoticias.mx\/index.php\/wp-json\/wp\/v2\/users\/45"}],"replies":[{"embeddable":true,"href":"https:\/\/nvnoticias.mx\/index.php\/wp-json\/wp\/v2\/comments?post=202235"}],"version-history":[{"count":2,"href":"https:\/\/nvnoticias.mx\/index.php\/wp-json\/wp\/v2\/posts\/202235\/revisions"}],"predecessor-version":[{"id":202238,"href":"https:\/\/nvnoticias.mx\/index.php\/wp-json\/wp\/v2\/posts\/202235\/revisions\/202238"}],"wp:featuredmedia":[{"embeddable":true,"href":"https:\/\/nvnoticias.mx\/index.php\/wp-json\/wp\/v2\/media\/202236"}],"wp:attachment":[{"href":"https:\/\/nvnoticias.mx\/index.php\/wp-json\/wp\/v2\/media?parent=202235"}],"wp:term":[{"taxonomy":"category","embeddable":true,"href":"https:\/\/nvnoticias.mx\/index.php\/wp-json\/wp\/v2\/categories?post=202235"},{"taxonomy":"post_tag","embeddable":true,"href":"https:\/\/nvnoticias.mx\/index.php\/wp-json\/wp\/v2\/tags?post=202235"}],"curies":[{"name":"wp","href":"https:\/\/api.w.org\/{rel}","templated":true}]}}