{"id":202166,"date":"2025-11-30T14:42:01","date_gmt":"2025-11-30T20:42:01","guid":{"rendered":"https:\/\/nvnoticias.mx\/?p=202166"},"modified":"2025-11-30T14:42:05","modified_gmt":"2025-11-30T20:42:05","slug":"niegan-renuncia-de-magistrada-lisbeth-aurelia-jimenez-al-tsj","status":"publish","type":"post","link":"https:\/\/nvnoticias.mx\/index.php\/2025\/11\/30\/niegan-renuncia-de-magistrada-lisbeth-aurelia-jimenez-al-tsj\/","title":{"rendered":"Niegan renuncia de magistrada Lisbeth Aurelia Jim\u00e9nez al TSJ"},"content":{"rendered":"\n<p><\/p>\n\n\n\n<p><strong>Sam Ojeda \/ NV Noticias<\/strong><\/p>\n\n\n\n<p>Xalapa.- La presidenta del Tribunal Superior de Justicia de Veracruz, Rosalba Hern\u00e1ndez Hern\u00e1ndez, inform\u00f3 que hasta ahora no ha recibido notificaci\u00f3n alguna sobre una eventual renuncia o intenci\u00f3n formal de separaci\u00f3n por parte de la magistrada Lisbeth Aurelia Jim\u00e9nez Aguirre, cuyo nombre ha circulado como posible candidata para encabezar la Fiscal\u00eda General del Estado.<\/p>\n\n\n\n<p>Ante los se\u00f1alamientos que han surgido en torno a la magistrada \u2014quien previamente presidi\u00f3 el Poder Judicial\u2014, Hern\u00e1ndez Hern\u00e1ndez se\u00f1al\u00f3 que no existe ning\u00fan tr\u00e1mite en curso.<\/p>\n\n\n\n<p><br>\u201cDe ninguna, todo normal, siempre hay muchos rumores pero hasta ahorita, cuando tengamos alguna se lo contaremos\u201d, expres\u00f3 al ser consultada.<\/p>\n\n\n\n<p>Las especulaciones se intensificaron despu\u00e9s de que el Congreso local aprob\u00f3 la reforma que devuelve al Poder Ejecutivo la facultad de proponer a la persona titular de la Fiscal\u00eda, lo que abri\u00f3 un nuevo escenario para el relevo en la instituci\u00f3n.<\/p>\n\n\n\n<p>En otro tema, la presidenta del Tribunal confirm\u00f3 que, desde el 1 de septiembre a la fecha, dos jueces han presentado su renuncia. Explic\u00f3 que el Poder Judicial ya notific\u00f3 al Congreso sobre ambas dimisiones, una de ellas correspondiente a un juez que apenas hab\u00eda asumido funciones el mismo 1 de septiembre, pero dej\u00f3 el cargo dos d\u00edas despu\u00e9s, como permite la reforma judicial.<\/p>\n\n\n\n<p>El segundo caso, detall\u00f3, corresponde a un juzgador adscrito a Coatzacoalcos que se separ\u00f3 del puesto por motivos personales.<\/p>\n\n\n\n<p><br>\u201cLa segunda estaba en Coatzacoalcos, dijo que eran por asuntos personales y nosotros respetamos la libertad de ellos\u201d.<\/p>\n\n\n\n<p><\/p>\n","protected":false},"excerpt":{"rendered":"<p>Sam Ojeda \/ NV Noticias Xalapa.- La presidenta del Tribunal Superior de Justicia de Veracruz, Rosalba Hern\u00e1ndez Hern\u00e1ndez, inform\u00f3 que hasta ahora no ha recibido notificaci\u00f3n alguna sobre una eventual renuncia o intenci\u00f3n formal de separaci\u00f3n por parte de la magistrada Lisbeth Aurelia Jim\u00e9nez Aguirre, cuyo nombre ha circulado como posible candidata para encabezar la [&hellip;]<\/p>\n","protected":false},"author":8,"featured_media":153195,"comment_status":"open","ping_status":"open","sticky":false,"template":"","format":"standard","meta":{"_monsterinsights_skip_tracking":false,"_monsterinsights_sitenote_active":false,"_monsterinsights_sitenote_note":"","_monsterinsights_sitenote_category":0,"footnotes":""},"categories":[156],"tags":[32711,2132,2078],"class_list":["post-202166","post","type-post","status-publish","format-standard","has-post-thumbnail","hentry","category-estado","tag-lisbeth-aurelia","tag-magistrada","tag-renuncia","wp-image-borders"],"amp_enabled":true,"_links":{"self":[{"href":"https:\/\/nvnoticias.mx\/index.php\/wp-json\/wp\/v2\/posts\/202166","targetHints":{"allow":["GET"]}}],"collection":[{"href":"https:\/\/nvnoticias.mx\/index.php\/wp-json\/wp\/v2\/posts"}],"about":[{"href":"https:\/\/nvnoticias.mx\/index.php\/wp-json\/wp\/v2\/types\/post"}],"author":[{"embeddable":true,"href":"https:\/\/nvnoticias.mx\/index.php\/wp-json\/wp\/v2\/users\/8"}],"replies":[{"embeddable":true,"href":"https:\/\/nvnoticias.mx\/index.php\/wp-json\/wp\/v2\/comments?post=202166"}],"version-history":[{"count":1,"href":"https:\/\/nvnoticias.mx\/index.php\/wp-json\/wp\/v2\/posts\/202166\/revisions"}],"predecessor-version":[{"id":202168,"href":"https:\/\/nvnoticias.mx\/index.php\/wp-json\/wp\/v2\/posts\/202166\/revisions\/202168"}],"wp:featuredmedia":[{"embeddable":true,"href":"https:\/\/nvnoticias.mx\/index.php\/wp-json\/wp\/v2\/media\/153195"}],"wp:attachment":[{"href":"https:\/\/nvnoticias.mx\/index.php\/wp-json\/wp\/v2\/media?parent=202166"}],"wp:term":[{"taxonomy":"category","embeddable":true,"href":"https:\/\/nvnoticias.mx\/index.php\/wp-json\/wp\/v2\/categories?post=202166"},{"taxonomy":"post_tag","embeddable":true,"href":"https:\/\/nvnoticias.mx\/index.php\/wp-json\/wp\/v2\/tags?post=202166"}],"curies":[{"name":"wp","href":"https:\/\/api.w.org\/{rel}","templated":true}]}}