{"id":202163,"date":"2025-11-30T14:39:20","date_gmt":"2025-11-30T20:39:20","guid":{"rendered":"https:\/\/nvnoticias.mx\/?p=202163"},"modified":"2025-11-30T14:39:25","modified_gmt":"2025-11-30T20:39:25","slug":"descarta-sedarpa-presion-a-caficultores","status":"publish","type":"post","link":"https:\/\/nvnoticias.mx\/index.php\/2025\/11\/30\/descarta-sedarpa-presion-a-caficultores\/","title":{"rendered":"Descarta Sedarpa presi\u00f3n a caficultores"},"content":{"rendered":"\n<p><\/p>\n\n\n\n<p><strong>Sam Ojeda \/ NV Noticias<\/strong><\/p>\n\n\n\n<p>Xalapa.\u2014 El secretario de Desarrollo Agropecuario, Rural y Pesca, Rodrigo Calder\u00f3n Salas, rechaz\u00f3 que el gobierno estatal utilice las llamadas&nbsp;<em>Escuelas del Campo<\/em>&nbsp;como mecanismo de presi\u00f3n hacia los cafeticultores o como filtro para recibir apoyos.&nbsp;<\/p>\n\n\n\n<p>Asegur\u00f3 que el programa tiene un prop\u00f3sito formativo y no busca condicionar beneficios.<\/p>\n\n\n\n<p>En entrevista, el funcionario respondi\u00f3 a las acusaciones hechas por el Consejo Regional del Caf\u00e9 de Coatepec, que recientemente manifest\u00f3 que estas escuelas funcionan como un intento de dividir al sector y excluir a quienes no acepten integrarse.&nbsp;<\/p>\n\n\n\n<p>Durante su protesta en Plaza Lerdo, los productores se\u00f1alaron que quienes no participaran quedar\u00edan \u201cmarginados\u201d de los apoyos p\u00fablicos.<\/p>\n\n\n\n<p>Calder\u00f3n Salas neg\u00f3 esa versi\u00f3n al afirmar: \u201cNo es presi\u00f3n, normalmente es para que tengan una capacitaci\u00f3n, son capacitaciones\u201d.<\/p>\n\n\n\n<p>Respecto a las afectaciones por plagas en cafetales, adelant\u00f3 que Sedarpa tiene prevista la entrega de 30 mil plantas como parte del programa de fortalecimiento productivo, aunque anticip\u00f3 que ese n\u00famero aumentar\u00e1 en 2026.&nbsp;<\/p>\n\n\n\n<p>A\u00f1adi\u00f3 que esta estrategia se complementa con los fertilizantes distribuidos por el gobierno federal.<\/p>\n\n\n\n<p>Se\u00f1al\u00f3 que el costo estimado por planta es de 40 pesos, por lo que la inversi\u00f3n inicial asciende a 1.2 millones de pesos.<\/p>\n\n\n\n<p>Aunque reconoci\u00f3 que los recursos no alcanzan para cubrir a la totalidad de los productores, asegur\u00f3 que la entrega comenzar\u00e1 este primer a\u00f1o:<\/p>\n","protected":false},"excerpt":{"rendered":"<p>Sam Ojeda \/ NV Noticias Xalapa.\u2014 El secretario de Desarrollo Agropecuario, Rural y Pesca, Rodrigo Calder\u00f3n Salas, rechaz\u00f3 que el gobierno estatal utilice las llamadas&nbsp;Escuelas del Campo&nbsp;como mecanismo de presi\u00f3n hacia los cafeticultores o como filtro para recibir apoyos.&nbsp; Asegur\u00f3 que el programa tiene un prop\u00f3sito formativo y no busca condicionar beneficios. En entrevista, el [&hellip;]<\/p>\n","protected":false},"author":8,"featured_media":99510,"comment_status":"open","ping_status":"open","sticky":false,"template":"","format":"standard","meta":{"_monsterinsights_skip_tracking":false,"_monsterinsights_sitenote_active":false,"_monsterinsights_sitenote_note":"","_monsterinsights_sitenote_category":0,"footnotes":""},"categories":[156],"tags":[8095,2521],"class_list":["post-202163","post","type-post","status-publish","format-standard","has-post-thumbnail","hentry","category-estado","tag-caficultores","tag-sedarpa","wp-image-borders"],"amp_enabled":true,"_links":{"self":[{"href":"https:\/\/nvnoticias.mx\/index.php\/wp-json\/wp\/v2\/posts\/202163","targetHints":{"allow":["GET"]}}],"collection":[{"href":"https:\/\/nvnoticias.mx\/index.php\/wp-json\/wp\/v2\/posts"}],"about":[{"href":"https:\/\/nvnoticias.mx\/index.php\/wp-json\/wp\/v2\/types\/post"}],"author":[{"embeddable":true,"href":"https:\/\/nvnoticias.mx\/index.php\/wp-json\/wp\/v2\/users\/8"}],"replies":[{"embeddable":true,"href":"https:\/\/nvnoticias.mx\/index.php\/wp-json\/wp\/v2\/comments?post=202163"}],"version-history":[{"count":1,"href":"https:\/\/nvnoticias.mx\/index.php\/wp-json\/wp\/v2\/posts\/202163\/revisions"}],"predecessor-version":[{"id":202165,"href":"https:\/\/nvnoticias.mx\/index.php\/wp-json\/wp\/v2\/posts\/202163\/revisions\/202165"}],"wp:featuredmedia":[{"embeddable":true,"href":"https:\/\/nvnoticias.mx\/index.php\/wp-json\/wp\/v2\/media\/99510"}],"wp:attachment":[{"href":"https:\/\/nvnoticias.mx\/index.php\/wp-json\/wp\/v2\/media?parent=202163"}],"wp:term":[{"taxonomy":"category","embeddable":true,"href":"https:\/\/nvnoticias.mx\/index.php\/wp-json\/wp\/v2\/categories?post=202163"},{"taxonomy":"post_tag","embeddable":true,"href":"https:\/\/nvnoticias.mx\/index.php\/wp-json\/wp\/v2\/tags?post=202163"}],"curies":[{"name":"wp","href":"https:\/\/api.w.org\/{rel}","templated":true}]}}