{"id":202083,"date":"2025-11-29T11:58:23","date_gmt":"2025-11-29T17:58:23","guid":{"rendered":"https:\/\/nvnoticias.mx\/?p=202083"},"modified":"2025-11-29T11:58:27","modified_gmt":"2025-11-29T17:58:27","slug":"ernestina-godoy-y-veracruz","status":"publish","type":"post","link":"https:\/\/nvnoticias.mx\/index.php\/2025\/11\/29\/ernestina-godoy-y-veracruz\/","title":{"rendered":"Ernestina Godoy y  Veracruz"},"content":{"rendered":"\n<p><\/p>\n\n\n\n<p><strong>Ricardo Chua<\/strong><\/p>\n\n\n\n<p>Si alguna persona conoce y tiene antecedentes pol\u00edticos-electorales.. De lo que ha sido y lo que representa MORENA en Veracruz, desde su irrupci\u00f3n en 2015 con los primeros triunfos electorales como partido pol\u00edtico en distritos federales, tanto en Xalapa y Coatzacoalcos, con Cuitl\u00e1huac Garc\u00eda Garc\u00eda y Roc\u00edo Nahle Garc\u00eda, que fueron los que ganaron esas diputaciones federales.. Hasta el triunfo de Garc\u00eda Jim\u00e9nez como gobernador del Estado en 2018\u2026 Es la actual encargada de despacho y que en pr\u00f3ximos d\u00edas, ser\u00e1 nombrada Fiscal General de la Rep\u00fablica (FGR), Ernestina Godoy Ramos.. Ella oper\u00f3 campa\u00f1as en la entidad desde el 2015 al 2018.. Para despu\u00e9s irse a la CDMX con Claudia Shienbaum..<\/p>\n\n\n\n<p>Ernestina Godoy Ramos, en 2014, cuando se fund\u00f3 como partido MORENA.. Y el entonces dirigente nacional de este partido, Andr\u00e9s Manuel L\u00f3pez Obrador, mand\u00f3 a Ernestina Godoy a ayudar a la formaci\u00f3n, capacitaci\u00f3n y operaci\u00f3n pol\u00edtica de los &#8220;Morenos&#8221; en Veracruz.. Sabiendo que esta entidad, era muy importante por ser el cuarto padr\u00f3n electoral m\u00e1s importante del pa\u00eds.. Adem\u00e1s por las ra\u00edces paternas de L\u00f3pez Obrador en Veracruz puerto, donde es originario su padre.. Godoy vino a apoyar a Manuel Huerta, que en este a\u00f1o, 2015, se convierte en el dirigente estatal de MORENA.. Todo con el aval de Andr\u00e9s Manuel L\u00f3pez Obrador..<\/p>\n\n\n\n<p>Tan importante era para L\u00f3pez Obrador el estado de Veracruz.. Que nombr\u00f3 coordinadora de la primera bancada de MORENA en la c\u00e1mara de diputados federales a Roc\u00edo Nahle Garc\u00eda.. Pero de esa manera, pr\u00e1cticamente la hoy encargada de despacho de la FGR, viv\u00eda por lo menos 4 d\u00edas de la semana en la entidad\u2026 Se la pasaba en giras de trabajo, haciendo estructura del Movimiento.. Haciendo muchos amigos y aliados veracruzanos, aparte de Nahle y Cuitl\u00e1huac.. Uno de los m\u00e1s cercanos, que a la postre estuvo muy allegado a ella, como uno de sus principales gu\u00edas en Veracruz, era el hoy senador suplente, Ricardo Exsome Zapata.. El empresario constructor porte\u00f1o es muy cercano a Godoy..<\/p>\n\n\n\n<p>En las reuniones pol\u00edticas, donde se hac\u00edan los acuerdos y pactos pol\u00edticos para hacer crecer el Movimiento de la 4T en Veracruz y formar cuadros pol\u00edticos, si estaba Godoy ah\u00ed se encontraba Ricardo Exsome.. El ingeniero tiene una buena aliada.. Quienes conocen a la futura Fiscal, se\u00f1alan que es una persona amable, de buen trato, car\u00e1cter alegre y que &#8220;se le peg\u00f3&#8221; mucho lo veracruzano porque le gusta la m\u00fasica y el son &#8220;jarocho&#8221;.. El caf\u00e9 de La Parroquia, los antojitos de &#8220;Las Anitas&#8221; y los mariscos de Gandara y Villa Rica.. Los desayunos xalape\u00f1os y los taquitos de cochinita de MInatitlan.. Estuvo aqu\u00ed 3 a\u00f1os como encargada de elecciones.. Obvio que le ten\u00eda que gustar el mar y todo lo que representa Veracruz..<\/p>\n\n\n\n<p>Godoy Ramos como todos en MORENA en esos a\u00f1os.. Todo le reportaban a AMLO y \u00e9l les daba instrucciones seg\u00fan fuera el caso.. Ernestina estuvo muy allegada a Cuitl\u00e1huac en 2016 en la elecci\u00f3n a gobernador, que en esa ocasi\u00f3n perdi\u00f3 en manos de Miguel \u00c1ngel Yunes Linares, cuando era panista.. Luego se involucr\u00f3 en la elecci\u00f3n a las alcald\u00edas en 2017 en la entidad.. Que fue el tiempo que se dej\u00f3 ver m\u00e1s en Veracruz como una de sus figuras p\u00fablicas de MORENA\u2026 Ya que ella ten\u00eda un cargo parecido al de una delegada pol\u00edtica del comit\u00e9 nacional de MORENA en Veracruz.. Ella teji\u00f3 muchos acuerdos para que MORENA ganar\u00e1 varios municipios en 2017.. Como fue Xalapa con Hip\u00f3lito Rodr\u00edguez en ese a\u00f1o..<\/p>\n\n\n\n<p>Luego ya en la campa\u00f1a Presidencial de L\u00f3pez Obrador.. Ernestina Godoy dej\u00f3 asentada las bases de la estructura pol\u00edtica de lo que hoy es MORENA en Veracruz.. Sum\u00f3 grupos pol\u00edticos en la precampa\u00f1a del 2018.. Y se jal\u00f3 a varias organizaciones sociales para apoyar al Movimiento de la 4T.. Pero ya en la elecci\u00f3n federal y local en Veracruz en 2018.. La futura titular de la FGR se retir\u00f3 pol\u00edticamente de la entidad.. Ya que L\u00f3pez Obrador no quer\u00eda darle la oportunidad al PRD de quedarse con la Jefatura de Gobierno en CDMX ese a\u00f1o.. Y la mand\u00f3 a la capital del pa\u00eds para apoyar a su candidata a Jefa de Gobierno por MORENA en 2018: Claudia Sheinbaum.. Godoy se hizo cercana.. Lo dem\u00e1s es historia..<\/p>\n\n\n\n<p>Hoy la cercan\u00eda con la Presidenta de M\u00e9xico, pues, finalmente era su Coordinadora Jur\u00eddica de la Presidencia de la Rep\u00fablica y despacha en Palacio Nacional.. Ha puesto a Ernestina Godoy en la antesala de la Fiscal\u00eda General de la Rep\u00fablica.. Un cargo que representa al llegar, que tiene el respaldo del gobierno federal para la procuraci\u00f3n de justicia en el pa\u00eds.. Que la confianza que le tiene Shienbaum es demasiada y que ahora, ese cargo, la va a convertir en una de las mujeres m\u00e1s poderosas del pa\u00eds.. Y tendr\u00e1 que responder con creces esa confianza para darle certeza a la sociedad mexicana de esa procuraci\u00f3n de la justicia..<\/p>\n\n\n\n<p>En lo que respecta a Veracruz.. Ernestina Godoy tiene muchos conocidos y cercanos de MORENA, que la apoyaron mientras ella estuvo en Veracruz.. A parte de Roc\u00edo Nahle y Cuitl\u00e1huac Garc\u00eda.. De los que se recuerda en esos a\u00f1os est\u00e1n Ricardo Exsome, Juan Javier G\u00f3mez Cazar\u00edn, Manuel Huerta, Eric Cisneros.. Y qui\u00e9n lo dir\u00eda, cuenta &#8220;Garganta Profunda&#8221;, que otro de los personajes cercanos a Godoy, desde los tiempos de las campa\u00f1as Presidenciales del obradorato en 2018, es la a\u00fan Fiscal de Veracruz, Ver\u00f3nica Hern\u00e1ndez Gadians.. Esa relaci\u00f3n nace antes de la campa\u00f1a de AMLO en 2018.. Se coordinaban con Eric Cisneros.. As\u00ed es la vida.. Una se va y otra llega..<\/p>\n\n\n\n<p>As\u00ed que no nos vaya a extra\u00f1ar, que en diciembre, nos estemos enterando que algunos veracruzanos.. Han sido llevados a colaborar o trabajar con la FGR.. Por la cercan\u00eda con Ernestina Godoy.. Algunos tendr\u00e1n que salir de Veracruz porque es otro grupo pol\u00edtico de MORENA, los que manejan el poder estatal.. Y un &#8220;cambio de aires&#8221; no le vendr\u00eda mal a algunos de ellos.. Habr\u00e1 que esperar.. Pero que luego no les extra\u00f1e ver a la a\u00fan fiscal estatal, Ver\u00f3nica Hern\u00e1ndez despachando en el mismo edificio de la FGR en CDMX.. Falta poco tiempo para saber, si &#8220;jal\u00f3&#8221; a un veracruzano a la Fiscal\u00eda General de la Rep\u00fablica.. Qu\u00e9 casos o cosas de la vida\u2026 AMEN..<\/p>\n","protected":false},"excerpt":{"rendered":"<p>Ricardo Chua Si alguna persona conoce y tiene antecedentes pol\u00edticos-electorales.. De lo que ha sido y lo que representa MORENA en Veracruz, desde su irrupci\u00f3n en 2015 con los primeros triunfos electorales como partido pol\u00edtico en distritos federales, tanto en Xalapa y Coatzacoalcos, con Cuitl\u00e1huac Garc\u00eda Garc\u00eda y Roc\u00edo Nahle Garc\u00eda, que fueron los que [&hellip;]<\/p>\n","protected":false},"author":29,"featured_media":202084,"comment_status":"open","ping_status":"open","sticky":false,"template":"","format":"standard","meta":{"_monsterinsights_skip_tracking":false,"_monsterinsights_sitenote_active":false,"_monsterinsights_sitenote_note":"","_monsterinsights_sitenote_category":0,"footnotes":""},"categories":[245],"tags":[327],"class_list":["post-202083","post","type-post","status-publish","format-standard","has-post-thumbnail","hentry","category-dialogos-de-poder","tag-ricardo-chua","wp-image-borders"],"amp_enabled":true,"_links":{"self":[{"href":"https:\/\/nvnoticias.mx\/index.php\/wp-json\/wp\/v2\/posts\/202083","targetHints":{"allow":["GET"]}}],"collection":[{"href":"https:\/\/nvnoticias.mx\/index.php\/wp-json\/wp\/v2\/posts"}],"about":[{"href":"https:\/\/nvnoticias.mx\/index.php\/wp-json\/wp\/v2\/types\/post"}],"author":[{"embeddable":true,"href":"https:\/\/nvnoticias.mx\/index.php\/wp-json\/wp\/v2\/users\/29"}],"replies":[{"embeddable":true,"href":"https:\/\/nvnoticias.mx\/index.php\/wp-json\/wp\/v2\/comments?post=202083"}],"version-history":[{"count":1,"href":"https:\/\/nvnoticias.mx\/index.php\/wp-json\/wp\/v2\/posts\/202083\/revisions"}],"predecessor-version":[{"id":202085,"href":"https:\/\/nvnoticias.mx\/index.php\/wp-json\/wp\/v2\/posts\/202083\/revisions\/202085"}],"wp:featuredmedia":[{"embeddable":true,"href":"https:\/\/nvnoticias.mx\/index.php\/wp-json\/wp\/v2\/media\/202084"}],"wp:attachment":[{"href":"https:\/\/nvnoticias.mx\/index.php\/wp-json\/wp\/v2\/media?parent=202083"}],"wp:term":[{"taxonomy":"category","embeddable":true,"href":"https:\/\/nvnoticias.mx\/index.php\/wp-json\/wp\/v2\/categories?post=202083"},{"taxonomy":"post_tag","embeddable":true,"href":"https:\/\/nvnoticias.mx\/index.php\/wp-json\/wp\/v2\/tags?post=202083"}],"curies":[{"name":"wp","href":"https:\/\/api.w.org\/{rel}","templated":true}]}}