{"id":202077,"date":"2025-11-28T16:55:33","date_gmt":"2025-11-28T22:55:33","guid":{"rendered":"https:\/\/nvnoticias.mx\/?p=202077"},"modified":"2025-11-28T16:55:37","modified_gmt":"2025-11-28T22:55:37","slug":"veracruz-reduce-desocupacion-y-mejora-indicadores-laborales-durante-el-ultimo-trimestre","status":"publish","type":"post","link":"https:\/\/nvnoticias.mx\/index.php\/2025\/11\/28\/veracruz-reduce-desocupacion-y-mejora-indicadores-laborales-durante-el-ultimo-trimestre\/","title":{"rendered":"Veracruz reduce desocupaci\u00f3n y mejora indicadores laborales durante el \u00faltimo trimestre"},"content":{"rendered":"\n<p><\/p>\n\n\n\n<p><strong>Sam Ojeda \/ NV Noticias<\/strong><\/p>\n\n\n\n<p>Xalapa.- En Veracruz, los resultados m\u00e1s recientes en materia laboral reflejan un avance sostenido en la generaci\u00f3n de oportunidades y en la estabilidad del empleo para las y los veracruzanos.<\/p>\n\n\n\n<p>La tasa de desocupaci\u00f3n se ubic\u00f3 en 2.2%, colocando a la Entidad 0.7 puntos por debajo del promedio nacional, que se encuentra en 2.9%. Este comportamiento confirma el fortalecimiento del mercado laboral veracruzano y el impacto positivo de las acciones implementadas en materia de vinculaci\u00f3n y empleabilidad.<\/p>\n\n\n\n<p>Asimismo, la poblaci\u00f3n subocupada descendi\u00f3 a 243 mil personas, equivalente al 7.3%, es decir, 1.9 puntos menos que en el mismo periodo del a\u00f1o 2024 (9.2%). Esta reducci\u00f3n muestra una mejora en la calidad del empleo y en la disponibilidad de puestos con mejores condiciones para las y los trabajadores.<\/p>\n\n\n\n<p>Otro indicador relevante es la tasa de condiciones cr\u00edticas de ocupaci\u00f3n, que se coloc\u00f3 en 36.7%, lo que representa una disminuci\u00f3n de 6.2 puntos respecto al tercer trimestre de 2024 (42.9%). Esta tendencia refleja un mercado laboral con jornadas m\u00e1s adecuadas y mejores ingresos.<\/p>\n\n\n\n<p>Entre las actividades econ\u00f3micas que registraron mayor crecimiento en su poblaci\u00f3n ocupada destacan: comercio, que alcanz\u00f3 el 20.8% de de la poblaci\u00f3n ocupada, con un incremento de 56 mil personas; as\u00ed como transportes, comunicaciones, correo y almacenamiento, con un aumento de 4 mil personas ocupadas.<\/p>\n\n\n\n<p>Estos resultados confirman el compromiso del Gobierno del Estado por impulsar pol\u00edticas de empleo efectivas, fortalecer la vinculaci\u00f3n laboral y responder a las necesidades de la poblaci\u00f3n, contribuyendo al desarrollo econ\u00f3mico y social de Veracruz.<\/p>\n","protected":false},"excerpt":{"rendered":"<p>Sam Ojeda \/ NV Noticias Xalapa.- En Veracruz, los resultados m\u00e1s recientes en materia laboral reflejan un avance sostenido en la generaci\u00f3n de oportunidades y en la estabilidad del empleo para las y los veracruzanos. La tasa de desocupaci\u00f3n se ubic\u00f3 en 2.2%, colocando a la Entidad 0.7 puntos por debajo del promedio nacional, que [&hellip;]<\/p>\n","protected":false},"author":8,"featured_media":202078,"comment_status":"open","ping_status":"open","sticky":false,"template":"","format":"standard","meta":{"_monsterinsights_skip_tracking":false,"_monsterinsights_sitenote_active":false,"_monsterinsights_sitenote_note":"","_monsterinsights_sitenote_category":0,"footnotes":""},"categories":[156],"tags":[32694,4110],"class_list":["post-202077","post","type-post","status-publish","format-standard","has-post-thumbnail","hentry","category-estado","tag-desocupacion","tag-reduccion","wp-image-borders"],"amp_enabled":true,"_links":{"self":[{"href":"https:\/\/nvnoticias.mx\/index.php\/wp-json\/wp\/v2\/posts\/202077","targetHints":{"allow":["GET"]}}],"collection":[{"href":"https:\/\/nvnoticias.mx\/index.php\/wp-json\/wp\/v2\/posts"}],"about":[{"href":"https:\/\/nvnoticias.mx\/index.php\/wp-json\/wp\/v2\/types\/post"}],"author":[{"embeddable":true,"href":"https:\/\/nvnoticias.mx\/index.php\/wp-json\/wp\/v2\/users\/8"}],"replies":[{"embeddable":true,"href":"https:\/\/nvnoticias.mx\/index.php\/wp-json\/wp\/v2\/comments?post=202077"}],"version-history":[{"count":1,"href":"https:\/\/nvnoticias.mx\/index.php\/wp-json\/wp\/v2\/posts\/202077\/revisions"}],"predecessor-version":[{"id":202079,"href":"https:\/\/nvnoticias.mx\/index.php\/wp-json\/wp\/v2\/posts\/202077\/revisions\/202079"}],"wp:featuredmedia":[{"embeddable":true,"href":"https:\/\/nvnoticias.mx\/index.php\/wp-json\/wp\/v2\/media\/202078"}],"wp:attachment":[{"href":"https:\/\/nvnoticias.mx\/index.php\/wp-json\/wp\/v2\/media?parent=202077"}],"wp:term":[{"taxonomy":"category","embeddable":true,"href":"https:\/\/nvnoticias.mx\/index.php\/wp-json\/wp\/v2\/categories?post=202077"},{"taxonomy":"post_tag","embeddable":true,"href":"https:\/\/nvnoticias.mx\/index.php\/wp-json\/wp\/v2\/tags?post=202077"}],"curies":[{"name":"wp","href":"https:\/\/api.w.org\/{rel}","templated":true}]}}