{"id":202054,"date":"2025-11-28T10:38:47","date_gmt":"2025-11-28T16:38:47","guid":{"rendered":"https:\/\/nvnoticias.mx\/?p=202054"},"modified":"2025-11-28T10:38:51","modified_gmt":"2025-11-28T16:38:51","slug":"confronta-natanael-cano-al-sat-por-el-implacable-cobro-de-sus-impuestos","status":"publish","type":"post","link":"https:\/\/nvnoticias.mx\/index.php\/2025\/11\/28\/confronta-natanael-cano-al-sat-por-el-implacable-cobro-de-sus-impuestos\/","title":{"rendered":"Confronta Natanael Cano al SAT por el implacable cobro de sus impuestos"},"content":{"rendered":"\n<p><\/p>\n\n\n\n<p>La pol\u00e9mica alcanz\u00f3 al mundo de los corridos tumbados cuando&nbsp;<strong>Natanael Cano<\/strong>, uno de los artistas m\u00e1s influyentes del g\u00e9nero, utiliz\u00f3 sus redes sociales para expresar su inconformidad con el&nbsp;<strong>Servicio de Administraci\u00f3n Tributaria (SAT)<\/strong>.<\/p>\n\n\n\n<p>El cantante comparti\u00f3 en su cuenta de Instagram mensajes sobre\u00a0la hist\u00f3rica recaudaci\u00f3n\u00a0de impuestos en M\u00e9xico y cuestion\u00f3 abiertamente el impacto para los ciudadanos.<\/p>\n\n\n\n<h2 class=\"wp-block-heading\">\u00bfQu\u00e9 dijo Natanael en redes?<\/h2>\n\n\n\n<p><em>E<\/em>n sus redes sociales,&nbsp;<strong>Cano<\/strong>&nbsp;replic\u00f3 una noticia sobre el logro del SAT con la leyenda: \u201cSAT rompe r\u00e9cord de recaudaci\u00f3n. De enero a octubre recaud\u00f3 4.49 billones de pesos, 6.1% m\u00e1s que el a\u00f1o pasado.&nbsp;<strong>\u00bfSientes que pagas m\u00e1s?<\/strong>\u201d A esa nota acompa\u00f1\u00f3 un comentario ir\u00f3nico: \u201cFull rockstars&#8230; Mis \u00eddolos alaverga\u201d.<\/p>\n\n\n\n<p>Posteriormente, el int\u00e9rprete public\u00f3 otra historia donde profundiz\u00f3 en sus reclamos fiscales:<\/p>\n\n\n\n<p>\u201cUn descuento del bienestar para el mu\u00f1eco \u00bfnada?<strong>&nbsp;Varios algunos melones me toc\u00f3 mandar. \u00c9chenme la mano<\/strong>. Todav\u00eda con 4 auditor\u00edas al mes para chingarse a mi empresa\u201d, escribi\u00f3 el cantante junto a emojis alusivos al estr\u00e9s y las finanzas, as\u00ed como un \u201cViva M\u00e9xico\u201d acompa\u00f1ado de corazones.<\/p>\n\n\n\n<p>Estas declaraciones r\u00e1pidamente generaron reacciones entre seguidores y medios del espect\u00e1culo, que interpretaron los textos como una cr\u00edtica al procedimiento recaudatorio y una petici\u00f3n p\u00fablica de mayor equidad tributaria para los artistas y empresarios.<\/p>\n\n\n\n<h2 class=\"wp-block-heading\">La recaudaci\u00f3n r\u00e9cord del SAT en 2025<\/h2>\n\n\n\n<p>El&nbsp;<strong>SAT<\/strong>&nbsp;registr\u00f3 en 2025 cifras in\u00e9ditas en la captaci\u00f3n de recursos fiscales. Seg\u00fan informaci\u00f3n oficial, entre enero y octubre de este a\u00f1o la recaudaci\u00f3n sum\u00f3&nbsp;<strong>5 billones 70 mil 877 millones de pesos<\/strong>, un crecimiento real de 7.9% respecto al mismo periodo de 2024.<\/p>\n\n\n\n<p>El organismo super\u00f3 la meta establecida en la Ley de Ingresos de la Federaci\u00f3n 2025 en un 102.5% y estableci\u00f3 el mayor monto hist\u00f3rico por ingresos tributarios, que totalizaron&nbsp;<strong>4 billones 495 mil 842 millones de pesos<\/strong>.<\/p>\n\n\n\n<p>En este periodo, el&nbsp;<strong>Impuesto Sobre la Renta (ISR)<\/strong>&nbsp;aport\u00f3 2 billones 441 mil 850 millones de pesos, mientras el&nbsp;<strong>Impuesto al Valor Agregado (IVA)<\/strong>&nbsp;consigui\u00f3 1 bill\u00f3n 254 mil 587 millones y el&nbsp;<strong>Impuesto Especial sobre Producci\u00f3n y Servicios (IEPS)<\/strong>&nbsp;cerr\u00f3 en 556 mil 999 millones.<\/p>\n\n\n\n<p>El Gobierno Federal, encabezado por&nbsp;<strong>Claudia Sheinbaum Pardo<\/strong>, atribuy\u00f3 el \u00e9xito recaudatorio a nuevas estrategias de fiscalizaci\u00f3n y a la modernizaci\u00f3n de los procesos de cumplimiento.<\/p>\n\n\n\n<p>Fuente: <a href=\"https:\/\/www.infobae.com\/mexico\/2025\/11\/28\/natanael-cano-confronta-al-sat-por-el-implacable-cobro-de-sus-impuestos-echenme-la-mano\/\">Infobae<\/a><\/p>\n","protected":false},"excerpt":{"rendered":"<p>La pol\u00e9mica alcanz\u00f3 al mundo de los corridos tumbados cuando&nbsp;Natanael Cano, uno de los artistas m\u00e1s influyentes del g\u00e9nero, utiliz\u00f3 sus redes sociales para expresar su inconformidad con el&nbsp;Servicio de Administraci\u00f3n Tributaria (SAT). El cantante comparti\u00f3 en su cuenta de Instagram mensajes sobre\u00a0la hist\u00f3rica recaudaci\u00f3n\u00a0de impuestos en M\u00e9xico y cuestion\u00f3 abiertamente el impacto para los [&hellip;]<\/p>\n","protected":false},"author":6,"featured_media":202055,"comment_status":"open","ping_status":"open","sticky":false,"template":"","format":"standard","meta":{"_monsterinsights_skip_tracking":false,"_monsterinsights_sitenote_active":false,"_monsterinsights_sitenote_note":"","_monsterinsights_sitenote_category":0,"footnotes":""},"categories":[576],"tags":[27435,269],"class_list":["post-202054","post","type-post","status-publish","format-standard","has-post-thumbnail","hentry","category-ocio","tag-natanael-cano","tag-sat","wp-image-borders"],"amp_enabled":true,"_links":{"self":[{"href":"https:\/\/nvnoticias.mx\/index.php\/wp-json\/wp\/v2\/posts\/202054","targetHints":{"allow":["GET"]}}],"collection":[{"href":"https:\/\/nvnoticias.mx\/index.php\/wp-json\/wp\/v2\/posts"}],"about":[{"href":"https:\/\/nvnoticias.mx\/index.php\/wp-json\/wp\/v2\/types\/post"}],"author":[{"embeddable":true,"href":"https:\/\/nvnoticias.mx\/index.php\/wp-json\/wp\/v2\/users\/6"}],"replies":[{"embeddable":true,"href":"https:\/\/nvnoticias.mx\/index.php\/wp-json\/wp\/v2\/comments?post=202054"}],"version-history":[{"count":2,"href":"https:\/\/nvnoticias.mx\/index.php\/wp-json\/wp\/v2\/posts\/202054\/revisions"}],"predecessor-version":[{"id":202057,"href":"https:\/\/nvnoticias.mx\/index.php\/wp-json\/wp\/v2\/posts\/202054\/revisions\/202057"}],"wp:featuredmedia":[{"embeddable":true,"href":"https:\/\/nvnoticias.mx\/index.php\/wp-json\/wp\/v2\/media\/202055"}],"wp:attachment":[{"href":"https:\/\/nvnoticias.mx\/index.php\/wp-json\/wp\/v2\/media?parent=202054"}],"wp:term":[{"taxonomy":"category","embeddable":true,"href":"https:\/\/nvnoticias.mx\/index.php\/wp-json\/wp\/v2\/categories?post=202054"},{"taxonomy":"post_tag","embeddable":true,"href":"https:\/\/nvnoticias.mx\/index.php\/wp-json\/wp\/v2\/tags?post=202054"}],"curies":[{"name":"wp","href":"https:\/\/api.w.org\/{rel}","templated":true}]}}