{"id":202050,"date":"2025-11-28T10:34:02","date_gmt":"2025-11-28T16:34:02","guid":{"rendered":"https:\/\/nvnoticias.mx\/?p=202050"},"modified":"2025-11-28T10:34:07","modified_gmt":"2025-11-28T16:34:07","slug":"rtv-rechaza-senalamientos-sobre-presunta-venta-de-notas-informativas","status":"publish","type":"post","link":"https:\/\/nvnoticias.mx\/index.php\/2025\/11\/28\/rtv-rechaza-senalamientos-sobre-presunta-venta-de-notas-informativas\/","title":{"rendered":"RTV rechaza se\u00f1alamientos sobre presunta venta de notas informativas\u00a0"},"content":{"rendered":"\n<p><\/p>\n\n\n\n<p><strong>Sam Ojeda\u00a0&#8211; NV Noticias<\/strong><\/p>\n\n\n\n<p>Xalapa.- El director de Radio Televisi\u00f3n de Veracruz (RTV), Alejandro Esteban Sosa Ben\u00edtez, desminti\u00f3 que dentro del organismo se comercialicen notas informativas, esto despu\u00e9s de que en columnas pol\u00edticas se sugiriera que la televisora habr\u00eda implementado esa pr\u00e1ctica para obtener ingresos adicionales.<\/p>\n\n\n\n<p>A pregunta expresa sobre ese rumor, Sosa Ben\u00edtez explic\u00f3 que el canal estatal \u00fanicamente genera recursos propios mediante servicios permitidos por la normatividad.<\/p>\n\n\n\n<blockquote class=\"wp-block-quote is-layout-flow wp-block-quote-is-layout-flow\">\n<p>\u201cRTV es un organismo p\u00fablico descentralizado y eso quiere decir que tenemos la oportunidad de generar recursos propios a trav\u00e9s de servicios. Esos servicios son producci\u00f3n, renta de algunos equipos, etc. Todos esos servicios se reportan con la Secretar\u00eda de Finanzas y planeaci\u00f3n y facturan debidamente\u201d.<\/p>\n<\/blockquote>\n\n\n\n<p>Subray\u00f3 que la elaboraci\u00f3n de notas period\u00edsticas est\u00e1 excluida de cualquier esquema de cobro.<\/p>\n\n\n\n<blockquote class=\"wp-block-quote is-layout-flow wp-block-quote-is-layout-flow\">\n<p>\u201cLas notas no son uno de los servicios\u2026 Desde luego que no, no podemos hacer eso\u201d.<\/p>\n<\/blockquote>\n\n\n\n<p>El funcionario a\u00f1adi\u00f3 que la pol\u00edtica editorial del medio p\u00fablico busca privilegiar contenido \u00fatil para la audiencia.<\/p>\n\n\n\n<blockquote class=\"wp-block-quote is-layout-flow wp-block-quote-is-layout-flow\">\n<p>\u201cLo que queremos es ayudar a que el canal est\u00e9 cada vez m\u00e1s limpio de informaci\u00f3n que pueda ser no tan relevante para la ciudadan\u00eda y que fundamentalmente est\u00e9 lleno de cosas que le ayuden al pueblo a tener mejores formas de entender la sociedad\u201d.<\/p>\n<\/blockquote>\n\n\n\n<p>Tambi\u00e9n resalt\u00f3 la integridad del personal de RTV y descart\u00f3 que reporteros o trabajadores est\u00e9n vinculados a conductas irregulares.<\/p>\n\n\n\n<blockquote class=\"wp-block-quote is-layout-flow wp-block-quote-is-layout-flow\">\n<p>\u201cNo hay ning\u00fan reportero, ning\u00fan periodista, porque todos los que ah\u00ed trabajan tienen una gran vocaci\u00f3n, una gran calidad como seres humanos y tambi\u00e9n con profesionales\u2026\u00a0<\/p>\n<\/blockquote>\n\n\n\n<p>Desde luego que no podr\u00edan hacer eso, no deben y no pueden\u201d.<\/p>\n\n\n\n<p>Recalc\u00f3 que la direcci\u00f3n mantiene vigilancia constante para evitar cualquier desv\u00edo.<\/p>\n\n\n\n<blockquote class=\"wp-block-quote is-layout-flow wp-block-quote-is-layout-flow\">\n<p><br>\u201cEstamos muy atentos de todo lo que sucede en el tema\u201d.<\/p>\n<\/blockquote>\n","protected":false},"excerpt":{"rendered":"<p>Sam Ojeda\u00a0&#8211; NV Noticias Xalapa.- El director de Radio Televisi\u00f3n de Veracruz (RTV), Alejandro Esteban Sosa Ben\u00edtez, desminti\u00f3 que dentro del organismo se comercialicen notas informativas, esto despu\u00e9s de que en columnas pol\u00edticas se sugiriera que la televisora habr\u00eda implementado esa pr\u00e1ctica para obtener ingresos adicionales. A pregunta expresa sobre ese rumor, Sosa Ben\u00edtez explic\u00f3 [&hellip;]<\/p>\n","protected":false},"author":6,"featured_media":202051,"comment_status":"open","ping_status":"open","sticky":false,"template":"","format":"standard","meta":{"_monsterinsights_skip_tracking":false,"_monsterinsights_sitenote_active":false,"_monsterinsights_sitenote_note":"","_monsterinsights_sitenote_category":0,"footnotes":""},"categories":[156],"tags":[32691,8731],"class_list":["post-202050","post","type-post","status-publish","format-standard","has-post-thumbnail","hentry","category-estado","tag-alejandro-esteban-sosa-benitez","tag-rtv","wp-image-borders"],"amp_enabled":true,"_links":{"self":[{"href":"https:\/\/nvnoticias.mx\/index.php\/wp-json\/wp\/v2\/posts\/202050","targetHints":{"allow":["GET"]}}],"collection":[{"href":"https:\/\/nvnoticias.mx\/index.php\/wp-json\/wp\/v2\/posts"}],"about":[{"href":"https:\/\/nvnoticias.mx\/index.php\/wp-json\/wp\/v2\/types\/post"}],"author":[{"embeddable":true,"href":"https:\/\/nvnoticias.mx\/index.php\/wp-json\/wp\/v2\/users\/6"}],"replies":[{"embeddable":true,"href":"https:\/\/nvnoticias.mx\/index.php\/wp-json\/wp\/v2\/comments?post=202050"}],"version-history":[{"count":2,"href":"https:\/\/nvnoticias.mx\/index.php\/wp-json\/wp\/v2\/posts\/202050\/revisions"}],"predecessor-version":[{"id":202053,"href":"https:\/\/nvnoticias.mx\/index.php\/wp-json\/wp\/v2\/posts\/202050\/revisions\/202053"}],"wp:featuredmedia":[{"embeddable":true,"href":"https:\/\/nvnoticias.mx\/index.php\/wp-json\/wp\/v2\/media\/202051"}],"wp:attachment":[{"href":"https:\/\/nvnoticias.mx\/index.php\/wp-json\/wp\/v2\/media?parent=202050"}],"wp:term":[{"taxonomy":"category","embeddable":true,"href":"https:\/\/nvnoticias.mx\/index.php\/wp-json\/wp\/v2\/categories?post=202050"},{"taxonomy":"post_tag","embeddable":true,"href":"https:\/\/nvnoticias.mx\/index.php\/wp-json\/wp\/v2\/tags?post=202050"}],"curies":[{"name":"wp","href":"https:\/\/api.w.org\/{rel}","templated":true}]}}